{"id":20911,"date":"2024-07-30T19:49:41","date_gmt":"2024-07-30T22:49:41","guid":{"rendered":"https:\/\/jornalcorporativo.com.br\/?p=20911"},"modified":"2024-07-30T19:49:41","modified_gmt":"2024-07-30T22:49:41","slug":"triatlo-podera-acontecer-sem-a-prova-de-nado-em-paris","status":"publish","type":"post","link":"http:\/\/jornalcorporativo.com.br\/en\/internacional\/triatlo-podera-acontecer-sem-a-prova-de-nado-em-paris\/","title":{"rendered":"Triatlo poder\u00e1 acontecer sem a prova de nado em Paris"},"content":{"rendered":"<p>A prova de triatlo da Olimp\u00edada de Paris 2024, que aconteceria nesta ter\u00e7a-feira, 30, foi adiada devido \u00e0 contamina\u00e7\u00e3o da \u00e1gua do Rio Sena. A nova data foi marcada para quarta-feira, 31, \u00e0s 3h do hor\u00e1rio de Bras\u00edlia, para a prova feminina, e a prova masculina acontece na sequ\u00eancia, \u00e0s 5h45.<br \/>\nOs treinos, que aconteceriam no rio, j\u00e1 haviam sido cancelados nos \u00faltimos dias, pelo mesmo motivo. Os triatletas brasileiros precisaram usar a piscina ol\u00edmpica para praticar, conforme decis\u00e3o do Comit\u00ea Ol\u00edmpico Internacional (COI), j\u00e1 que a \u00e1gua do rio est\u00e1 insalubre.<\/p>\n<p>Quatro brasileiros que ir\u00e3o disputar a prova foram afetados pelo problema: Djenyfer Arnold, Vittoria Lopes, Manoel Messias e Miguel Hidalgo.\u00a0Os treinos de corrida e ciclismo, que tamb\u00e9m fazem parte do esporte, est\u00e3o ocorrendo normalmente.<\/p>\n<p>Segundo o COI, a insalubridade da \u00e1gua do Rio Sena ser\u00e1 resolvida em at\u00e9 dois dias. Caso contr\u00e1rio, a prova aqu\u00e1tica do triatlo ser\u00e1 cancelada, e a modalidade deve ser transformada em duatlo nessa edi\u00e7\u00e3o dos Jogos Ol\u00edmpicos.<\/p>\n<p>A World Triathlon, \u00f3rg\u00e3o regulador internacional do esporte, emitiu um comunicado confirmando o cancelamento da prova, e disse que as not\u00edcias foram decepcionantes.<br \/>\n&#8220;Seguindo as not\u00edcias decepcionantes de que os resultados da qualidade da \u00e1gua n\u00e3o est\u00e3o nos n\u00edveis permitidos para sediar a prova masculina individual como planejado nesta ter\u00e7a-feira, 30, a prova foi adiada e agora ir\u00e1 acontecer \u00e0s 10h45 [hor\u00e1rio de Paris] de quarta-feira, 31 de julho&#8221;, diz o comunicado.<\/p>\n<p>&#8220;N\u00e3o houve impacto no cronograma da prova feminina, com atletas ainda preparadas para sair \u00e0s 8h de quarta-feira. No entanto, ambas cerim\u00f4nias de entrega das medalhas agora ir\u00e3o acontecer depois da conclus\u00e3o da prova masculina&#8221;.<\/p>\n<p>Testes da \u00e1gua<br \/>\nTestes independentes mostraram que os n\u00edveis de bact\u00e9rias E. coli (os coliformes fecais) no Rio Sena saltaram significantemente ap\u00f3s as fortes chuvas que atingiram a capital francesa no \u00faltimo fim de semana, segundo a emissora estadunidense CBS News. Enquanto a \u00e1gua mostrou melhora nas horas anteriores ao treino de triathlon, os n\u00edveis ainda n\u00e3o eram aceit\u00e1veis em partes do percurso, segundo a World Triathlon.<\/p>\n","protected":false},"excerpt":{"rendered":"<p>A limpeza do rio Sena \u00e9 um legado ol\u00edmpico prometido pelas obras de infraestrutura de Paris, que ultrapassam 7 bilh\u00f5es de reais<\/p>","protected":false},"author":3,"featured_media":20905,"comment_status":"open","ping_status":"open","sticky":false,"template":"","format":"standard","meta":{"_crdt_document":"","footnotes":""},"categories":[2],"tags":[],"class_list":["post-20911","post","type-post","status-publish","format-standard","has-post-thumbnail","hentry","category-internacional"],"brizy_media":[],"_links":{"self":[{"href":"http:\/\/jornalcorporativo.com.br\/en\/wp-json\/wp\/v2\/posts\/20911","targetHints":{"allow":["GET"]}}],"collection":[{"href":"http:\/\/jornalcorporativo.com.br\/en\/wp-json\/wp\/v2\/posts"}],"about":[{"href":"http:\/\/jornalcorporativo.com.br\/en\/wp-json\/wp\/v2\/types\/post"}],"author":[{"embeddable":true,"href":"http:\/\/jornalcorporativo.com.br\/en\/wp-json\/wp\/v2\/users\/3"}],"replies":[{"embeddable":true,"href":"http:\/\/jornalcorporativo.com.br\/en\/wp-json\/wp\/v2\/comments?post=20911"}],"version-history":[{"count":1,"href":"http:\/\/jornalcorporativo.com.br\/en\/wp-json\/wp\/v2\/posts\/20911\/revisions"}],"predecessor-version":[{"id":20912,"href":"http:\/\/jornalcorporativo.com.br\/en\/wp-json\/wp\/v2\/posts\/20911\/revisions\/20912"}],"wp:featuredmedia":[{"embeddable":true,"href":"http:\/\/jornalcorporativo.com.br\/en\/wp-json\/wp\/v2\/media\/20905"}],"wp:attachment":[{"href":"http:\/\/jornalcorporativo.com.br\/en\/wp-json\/wp\/v2\/media?parent=20911"}],"wp:term":[{"taxonomy":"category","embeddable":true,"href":"http:\/\/jornalcorporativo.com.br\/en\/wp-json\/wp\/v2\/categories?post=20911"},{"taxonomy":"post_tag","embeddable":true,"href":"http:\/\/jornalcorporativo.com.br\/en\/wp-json\/wp\/v2\/tags?post=20911"}],"curies":[{"name":"wp","href":"https:\/\/api.w.org\/{rel}","templated":true}]}}