{"id":20913,"date":"2024-07-30T19:50:15","date_gmt":"2024-07-30T22:50:15","guid":{"rendered":"https:\/\/jornalcorporativo.com.br\/?p=20913"},"modified":"2024-07-30T19:50:15","modified_gmt":"2024-07-30T22:50:15","slug":"apos-pt-reconhecer-eleicao-partido-chama-maduro-de-ditador","status":"publish","type":"post","link":"http:\/\/jornalcorporativo.com.br\/en\/politica\/apos-pt-reconhecer-eleicao-partido-chama-maduro-de-ditador\/","title":{"rendered":"Ap\u00f3s PT reconhecer elei\u00e7\u00e3o, partido chama Maduro de &#8216;ditador&#8217;"},"content":{"rendered":"<p>Ap\u00f3s o Partido dos Trabalhadores (PT) reconhecer a reelei\u00e7\u00e3o de Nicol\u00e1s Maduro para o cargo de presidente da Venezula, o Partido Socialista Brasileiro (PSB), sigla do vice-presidente Geraldo Alckmin, chamou o pol\u00edtico venezuelano de &#8220;ditador&#8221; em uma publica\u00e7\u00e3o em uma rede social.<\/p>\n<p>Os resultados divulgados pelo \u00f3rg\u00e3o oficial informam que Maduro foi reeleito com 51,2% dos votos, contra 44% do opositor Edmundo Gonz\u00e1lez. A oposi\u00e7\u00e3o, no entanto, afirma que Gonz\u00e1lez venceu com 70%.<\/p>\n<p>O presidente do PSB, Carlos Siqueira, afirmou nesta ter\u00e7a-feira (30) que o Diret\u00f3rio Nacional da sigla aprovou de forma un\u00e2nime uma decis\u00e3o de condenar &#8220;as viola\u00e7\u00f5es dos direitos humanos e democr\u00e1ticos perpetradas pelo regime chavista&#8221;.<br \/>\n&#8220;Consideramos esse regime uma ditadura e, como tal, sab\u00edamos que ele n\u00e3o realizaria uma elei\u00e7\u00e3o livre, transparente e democr\u00e1tica&#8221;, afirmou Siqueira em uma rede social.<\/p>\n<p>A posi\u00e7\u00e3o do PT diverge do sil\u00eancio adotado pelo presidente Luiz In\u00e1cio Lula da Silva (PT) e do tom de cautela do governo at\u00e9 o momento. O Brasil ainda n\u00e3o reconheceu os resultados e cobra maior transpar\u00eancia nos dados eleitorais.<\/p>\n<p>A Executiva Nacional do partido reconheceu, em nota divulgada na noite de segunda-feira (29), a reelei\u00e7\u00e3o do presidente da Venezuela, Nicol\u00e1s Maduro.<\/p>\n<p>Lula ainda n\u00e3o se manifestou<br \/>\nO presidente brasileiro ainda n\u00e3o comentou o resultado das elei\u00e7\u00f5es venezuelanas, realizadas no \u00faltimo domingo (28).<br \/>\nEm nota, o Itamaraty afirmou que aguarda a divulga\u00e7\u00e3o de informa\u00e7\u00f5es mais detalhadas sobre a apura\u00e7\u00e3o da vota\u00e7\u00e3o.<\/p>\n<p>Pacheco diz que faltou transpar\u00eancia<br \/>\nO presidente do Senado, Rodrigo Pacheco (PSD-MG), afirmou nesta ter\u00e7a-feira (30) que o governo da Venezuela se afasta de princ\u00edpios democr\u00e1ticos ao n\u00e3o demonstrar a &#8220;lisura e a transpar\u00eancia&#8221; de seu processo eleitoral.<\/p>\n<p>Pacheco divulgou uma nota em meio \u00e0 tens\u00e3o gerada ap\u00f3s o pleito presidencial no pa\u00eds vizinho. Resultados divulgados pelo \u00f3rg\u00e3o eleitoral oficial da Venezuela informam que Nicol\u00e1s Maduro foi reeleito com 51,2% dos votos, contra 44% do opositor Edmundo Gonz\u00e1lez. A oposi\u00e7\u00e3o, no entanto, afirma que Gonz\u00e1lez venceu com 70%.<\/p>","protected":false},"excerpt":{"rendered":"<p>Os resultados divulgados pelo \u00f3rg\u00e3o oficial informam que Maduro foi reeleito com 51,2% dos votos, contra 44% do opositor<\/p>","protected":false},"author":3,"featured_media":20904,"comment_status":"open","ping_status":"open","sticky":false,"template":"","format":"standard","meta":{"_crdt_document":"","footnotes":""},"categories":[7],"tags":[],"class_list":["post-20913","post","type-post","status-publish","format-standard","has-post-thumbnail","hentry","category-politica"],"brizy_media":[],"_links":{"self":[{"href":"http:\/\/jornalcorporativo.com.br\/en\/wp-json\/wp\/v2\/posts\/20913","targetHints":{"allow":["GET"]}}],"collection":[{"href":"http:\/\/jornalcorporativo.com.br\/en\/wp-json\/wp\/v2\/posts"}],"about":[{"href":"http:\/\/jornalcorporativo.com.br\/en\/wp-json\/wp\/v2\/types\/post"}],"author":[{"embeddable":true,"href":"http:\/\/jornalcorporativo.com.br\/en\/wp-json\/wp\/v2\/users\/3"}],"replies":[{"embeddable":true,"href":"http:\/\/jornalcorporativo.com.br\/en\/wp-json\/wp\/v2\/comments?post=20913"}],"version-history":[{"count":1,"href":"http:\/\/jornalcorporativo.com.br\/en\/wp-json\/wp\/v2\/posts\/20913\/revisions"}],"predecessor-version":[{"id":20914,"href":"http:\/\/jornalcorporativo.com.br\/en\/wp-json\/wp\/v2\/posts\/20913\/revisions\/20914"}],"wp:featuredmedia":[{"embeddable":true,"href":"http:\/\/jornalcorporativo.com.br\/en\/wp-json\/wp\/v2\/media\/20904"}],"wp:attachment":[{"href":"http:\/\/jornalcorporativo.com.br\/en\/wp-json\/wp\/v2\/media?parent=20913"}],"wp:term":[{"taxonomy":"category","embeddable":true,"href":"http:\/\/jornalcorporativo.com.br\/en\/wp-json\/wp\/v2\/categories?post=20913"},{"taxonomy":"post_tag","embeddable":true,"href":"http:\/\/jornalcorporativo.com.br\/en\/wp-json\/wp\/v2\/tags?post=20913"}],"curies":[{"name":"wp","href":"https:\/\/api.w.org\/{rel}","templated":true}]}}