{"id":20917,"date":"2024-07-30T19:51:14","date_gmt":"2024-07-30T22:51:14","guid":{"rendered":"https:\/\/jornalcorporativo.com.br\/?p=20917"},"modified":"2024-07-30T19:51:14","modified_gmt":"2024-07-30T22:51:14","slug":"consumidores-pagaram-ate-134-a-mais-nas-tarifas-de-energia-por-gatos-em-2023","status":"publish","type":"post","link":"http:\/\/jornalcorporativo.com.br\/en\/economia\/consumidores-pagaram-ate-134-a-mais-nas-tarifas-de-energia-por-gatos-em-2023\/","title":{"rendered":"Consumidores pagaram at\u00e9 13,4% a mais nas tarifas de energia por &#8216;gatos&#8217; em 2023"},"content":{"rendered":"<p>Os consumidores de energia pagaram at\u00e9 13,4% a mais em suas tarifas por causa dos furtos na rede el\u00e9trica \u2014 conhecidos como &#8220;gatos&#8221;. Os dados constam em relat\u00f3rio da Ag\u00eancia Nacional de Energia El\u00e9trica (Aneel), divulgado na \u00faltima quinta-feira (18).<\/p>\n<p>Aqueles que mais pagam pelos furtos s\u00e3o os clientes da Amazonas Energia. Segundo a Aneel, 13,4% da conta de luz dos amazonenses s\u00e3o custos com furtos e fraudes na rede el\u00e9trica.<\/p>\n<p>Em segundo lugar est\u00e3o os clientes da Light, no Rio de Janeiro, seguidos pelos consumidores do Amap\u00e1, que compram energia da Equatorial.<\/p>\n<p>J\u00e1 os consumidores que menos pagam pelos furtos s\u00e3o os clientes das seguintes distribuidoras, com custos abaixo de 1% nas tarifas:<br \/>\nEnergisa Tocantins<br \/>\nNeoenergia Elektro<br \/>\nCPFL Santa Cruz<br \/>\nNeoenergia Cosern<br \/>\nEnergisa Minas Gerais<br \/>\nEnergisa Sul\/Sudeste<\/p>\n<p>O custo total dos furtos em 2023 foi de R$ 9,9 bilh\u00f5es. Desse montante, a Aneel reconheceu o repasse de R$ 6,9 bilh\u00f5es aos consumidores nos processos tarif\u00e1rios das distribuidoras.<\/p>\n<p>Por que os consumidores pagam?<br \/>\nA Aneel considera os furtos de energia como &#8220;perdas n\u00e3o t\u00e9cnicas&#8221;. S\u00e3o perdas evit\u00e1veis, que n\u00e3o est\u00e3o relacionadas ao sistema el\u00e9trico, mas sim a furtos, fraudes e problemas de medi\u00e7\u00e3o na rede da distribuidora local.<\/p>\n<p>O custo dos furtos entra parcialmente na tarifa do consumidor que est\u00e1 regularizado. A Aneel revisa as tarifas das distribuidoras, medindo as perdas t\u00e9cnicas e n\u00e3o t\u00e9cnicas, e repassando os custos na conta de luz de acordo com crit\u00e9rios de efici\u00eancia definidos para cada empresa.<\/p>\n<p>Ou seja: o repasse \u00e9 menor caso a distribuidora n\u00e3o tenha gerido bem o neg\u00f3cio, restando \u00e0 empresa arcar com a diferen\u00e7a entre o valor reconhecido pela Aneel e o valor real das perdas.<\/p>\n<p>Se ag\u00eancia observar o contr\u00e1rio, que a distribuidora tenha obedecido aos crit\u00e9rios definidos, o repasse ser\u00e1 maior para os consumidores. Assim, a distribuidora \u00e9 recompensada por melhorias e responsabilizada por inefici\u00eancia.<\/p>\n<p>Amazonas Energia e Light<br \/>\nAs concess\u00f5es da Amazonas Energia e da Light t\u00eam n\u00edveis altos de furtos, relacionados \u00e0 realidade socioecon\u00f4mica dos estados do Amazonas e Rio de Janeiro.<\/p>\n<p>Segundo os dados da Aneel, as duas distribuidoras responderam por 32,8% do total de furtos e fraudes na medi\u00e7\u00e3o de energia registrados no Brasil em 2023.<\/p>\n<p>Considerada uma concess\u00e3o com desafios econ\u00f4micos, a Amazonas Energia j\u00e1 teve sua incapacidade financeira de continuar prestando os servi\u00e7os no estado reconhecida pela Aneel.<\/p>","protected":false},"excerpt":{"rendered":"<p>O custo dos furtos entra parcialmente na tarifa do consumidor que est\u00e1 regularizado<\/p>","protected":false},"author":3,"featured_media":20902,"comment_status":"open","ping_status":"open","sticky":false,"template":"","format":"standard","meta":{"_crdt_document":"","footnotes":""},"categories":[4],"tags":[],"class_list":["post-20917","post","type-post","status-publish","format-standard","has-post-thumbnail","hentry","category-economia"],"brizy_media":[],"_links":{"self":[{"href":"http:\/\/jornalcorporativo.com.br\/en\/wp-json\/wp\/v2\/posts\/20917","targetHints":{"allow":["GET"]}}],"collection":[{"href":"http:\/\/jornalcorporativo.com.br\/en\/wp-json\/wp\/v2\/posts"}],"about":[{"href":"http:\/\/jornalcorporativo.com.br\/en\/wp-json\/wp\/v2\/types\/post"}],"author":[{"embeddable":true,"href":"http:\/\/jornalcorporativo.com.br\/en\/wp-json\/wp\/v2\/users\/3"}],"replies":[{"embeddable":true,"href":"http:\/\/jornalcorporativo.com.br\/en\/wp-json\/wp\/v2\/comments?post=20917"}],"version-history":[{"count":1,"href":"http:\/\/jornalcorporativo.com.br\/en\/wp-json\/wp\/v2\/posts\/20917\/revisions"}],"predecessor-version":[{"id":20918,"href":"http:\/\/jornalcorporativo.com.br\/en\/wp-json\/wp\/v2\/posts\/20917\/revisions\/20918"}],"wp:featuredmedia":[{"embeddable":true,"href":"http:\/\/jornalcorporativo.com.br\/en\/wp-json\/wp\/v2\/media\/20902"}],"wp:attachment":[{"href":"http:\/\/jornalcorporativo.com.br\/en\/wp-json\/wp\/v2\/media?parent=20917"}],"wp:term":[{"taxonomy":"category","embeddable":true,"href":"http:\/\/jornalcorporativo.com.br\/en\/wp-json\/wp\/v2\/categories?post=20917"},{"taxonomy":"post_tag","embeddable":true,"href":"http:\/\/jornalcorporativo.com.br\/en\/wp-json\/wp\/v2\/tags?post=20917"}],"curies":[{"name":"wp","href":"https:\/\/api.w.org\/{rel}","templated":true}]}}