{"id":24357,"date":"2026-04-04T12:09:56","date_gmt":"2026-04-04T15:09:56","guid":{"rendered":"https:\/\/jornalcorporativo.com.br\/?p=24357"},"modified":"2026-04-04T12:09:56","modified_gmt":"2026-04-04T15:09:56","slug":"votos-toffoli-fux-fachin-decisivos-julgamento-stf-eleicao-governador-rio","status":"publish","type":"post","link":"http:\/\/jornalcorporativo.com.br\/en\/politica\/votos-toffoli-fux-fachin-decisivos-julgamento-stf-eleicao-governador-rio\/","title":{"rendered":"Votos de Toffoli, Fux e Fachin ser\u00e3o decisivos no julgamento do STF sobre elei\u00e7\u00e3o para governador do Rio"},"content":{"rendered":"<h2>Ministros decisivos no julgamento sobre elei\u00e7\u00e3o fluminense<\/h2>\n<p>O Supremo Tribunal Federal (STF) ir\u00e1 julgar, em sess\u00e3o plen\u00e1ria f\u00edsica marcada para 8 de abril, uma quest\u00e3o crucial que definir\u00e1 o modelo de elei\u00e7\u00e3o para o governo do Rio de Janeiro. De acordo com apura\u00e7\u00f5es internas, <strong>os votos dos ministros Dias Toffoli, Luiz Fux e do presidente Edson Fachin<\/strong> dever\u00e3o ser determinantes para a forma\u00e7\u00e3o da maioria no caso. Atualmente, n\u00e3o existe consenso consolidado entre os magistrados, nem para o modelo de elei\u00e7\u00e3o direta nem para o indireto, ampliando significativamente o peso desses tr\u00eas votos no desfecho da controv\u00e9rsia.<\/p>\n<h2>Contexto da disputa e suspens\u00e3o do julgamento<\/h2>\n<p>O processo foi levado ao plen\u00e1rio ap\u00f3s decis\u00e3o do ministro Cristiano Zanin, que suspendeu a elei\u00e7\u00e3o indireta prevista pela legisla\u00e7\u00e3o estadual e determinada pelo Tribunal Superior Eleitoral (TSE). Durante o julgamento no plen\u00e1rio virtual, sob relatoria de Luiz Fux, havia indicativos de maioria para validar aspectos da lei aprovada pela Assembleia Legislativa do Rio, incluindo o <strong>voto secreto e o prazo de 24 horas para desincompatibiliza\u00e7\u00e3o<\/strong> em caso de elei\u00e7\u00e3o indireta.<\/p>\n<p>No entanto, o ministro Alexandre de Moraes abriu diverg\u00eancia defendendo elei\u00e7\u00f5es diretas, posi\u00e7\u00e3o apoiada por Cristiano Zanin, Gilmar Mendes e Fl\u00e1vio Dino. Uma a\u00e7\u00e3o do PSD, partido do ex-prefeito Eduardo Paes, tamb\u00e9m ser\u00e1 analisada e reivindica a realiza\u00e7\u00e3o de elei\u00e7\u00e3o direta. Com a suspens\u00e3o do julgamento, todos os votos foram zerados e poder\u00e3o ser revistos, alterando completamente o cen\u00e1rio pol\u00edtico da decis\u00e3o.<\/p>\n<h2>Duas correntes em disputa no STF<\/h2>\n<p>Uma ala do STF v\u00ea as elei\u00e7\u00f5es diretas como solu\u00e7\u00e3o mais apropriada, argumentando que s\u00e3o <strong>necess\u00e1rias<\/strong> diante do contexto da ren\u00fancia. Segundo interlocutores dessa corrente, embora ainda n\u00e3o haja maioria consolidada, ela pode se fortalecer durante o julgamento, com poss\u00edveis ajustes nas regras a serem definidos posteriormente.<\/p>\n<p>Por outro lado, h\u00e1 ministros preocupados com o impacto do calend\u00e1rio eleitoral. Essa corrente aponta que a organiza\u00e7\u00e3o de uma elei\u00e7\u00e3o direta no Rio demandaria mais de quatro meses, coincidindo com o per\u00edodo das elei\u00e7\u00f5es gerais de 2026. Conforme essa an\u00e1lise, mesmo em estados menores, um pleito requer no m\u00ednimo 100 dias de prepara\u00e7\u00e3o, podendo chegar a 130 dias no Rio, sem considerar poss\u00edvel segundo turno. Esse fator tem sido utilizado como argumento para defender a elei\u00e7\u00e3o indireta e evitar sobrecarga do calend\u00e1rio pol\u00edtico.<\/p>\n<h2>Situa\u00e7\u00e3o in\u00e9dita no Rio de Janeiro<\/h2>\n<p>A controv\u00e9rsia ocorre em contexto singular. Com a ren\u00fancia de Cl\u00e1udio Castro e aus\u00eancia de vice-governador, o comando do Executivo estadual \u00e9 exercido interinamente pelo desembargador Ricardo Couto de Castro, presidente do Tribunal de Justi\u00e7a. Um dia ap\u00f3s renunciar, Castro foi condenado no TSE por abuso de poder pol\u00edtico e econ\u00f4mico, recebendo pena de oito anos de inelegibilidade, complexificando ainda mais a situa\u00e7\u00e3o institucional fluminense.<\/p>\n<h2>Rodadas internas e busca por consenso<\/h2>\n<p>O presidente do STF deve promover conversas internas para alinhar posi\u00e7\u00f5es e reduzir diverg\u00eancias, reconhecendo as dificuldades causadas pela divis\u00e3o j\u00e1 manifestada no plen\u00e1rio. A avalia\u00e7\u00e3o entre ministros \u00e9 que, <strong>sem esse esfor\u00e7o coordenado, o julgamento tender\u00e1 a resultar em placar apertado<\/strong>. Fachin tem afirmado publicamente que buscar\u00e1 o &#8220;consenso poss\u00edvel&#8221;, reconhecendo a dificuldade de unanimidade, mas enfatizando a import\u00e2ncia de viabilizar a decis\u00e3o colegiada de forma respons\u00e1vel.<\/p>","protected":false},"excerpt":{"rendered":"<p>STF julga elei\u00e7\u00e3o para governador do Rio em 8 de abril. Votos de Toffoli, Fux e Fachin ser\u00e3o decisivos entre elei\u00e7\u00e3o direta e indireta.<\/p>","protected":false},"author":4,"featured_media":24354,"comment_status":"open","ping_status":"open","sticky":false,"template":"","format":"standard","meta":{"_crdt_document":"","footnotes":""},"categories":[7],"tags":[],"class_list":["post-24357","post","type-post","status-publish","format-standard","has-post-thumbnail","hentry","category-politica"],"brizy_media":[],"_links":{"self":[{"href":"http:\/\/jornalcorporativo.com.br\/en\/wp-json\/wp\/v2\/posts\/24357","targetHints":{"allow":["GET"]}}],"collection":[{"href":"http:\/\/jornalcorporativo.com.br\/en\/wp-json\/wp\/v2\/posts"}],"about":[{"href":"http:\/\/jornalcorporativo.com.br\/en\/wp-json\/wp\/v2\/types\/post"}],"author":[{"embeddable":true,"href":"http:\/\/jornalcorporativo.com.br\/en\/wp-json\/wp\/v2\/users\/4"}],"replies":[{"embeddable":true,"href":"http:\/\/jornalcorporativo.com.br\/en\/wp-json\/wp\/v2\/comments?post=24357"}],"version-history":[{"count":1,"href":"http:\/\/jornalcorporativo.com.br\/en\/wp-json\/wp\/v2\/posts\/24357\/revisions"}],"predecessor-version":[{"id":24376,"href":"http:\/\/jornalcorporativo.com.br\/en\/wp-json\/wp\/v2\/posts\/24357\/revisions\/24376"}],"wp:featuredmedia":[{"embeddable":true,"href":"http:\/\/jornalcorporativo.com.br\/en\/wp-json\/wp\/v2\/media\/24354"}],"wp:attachment":[{"href":"http:\/\/jornalcorporativo.com.br\/en\/wp-json\/wp\/v2\/media?parent=24357"}],"wp:term":[{"taxonomy":"category","embeddable":true,"href":"http:\/\/jornalcorporativo.com.br\/en\/wp-json\/wp\/v2\/categories?post=24357"},{"taxonomy":"post_tag","embeddable":true,"href":"http:\/\/jornalcorporativo.com.br\/en\/wp-json\/wp\/v2\/tags?post=24357"}],"curies":[{"name":"wp","href":"https:\/\/api.w.org\/{rel}","templated":true}]}}