{"id":24363,"date":"2026-04-04T12:10:20","date_gmt":"2026-04-04T15:10:20","guid":{"rendered":"https:\/\/jornalcorporativo.com.br\/?p=24363"},"modified":"2026-04-04T12:10:20","modified_gmt":"2026-04-04T15:10:20","slug":"dj-buarque-emociona-distribui-ovos-pascoa-pais-rio","status":"publish","type":"post","link":"http:\/\/jornalcorporativo.com.br\/en\/brasil\/dj-buarque-emociona-distribui-ovos-pascoa-pais-rio\/","title":{"rendered":"DJ Buarque emociona ao distribuir ovos de P\u00e1scoa para pais no Rio: construir mem\u00f3rias n\u00e3o tem pre\u00e7o"},"content":{"rendered":"<p>O DJ Buarque conquistou seguidores e a web ao compartilhar um gesto de carinho na \u00faltima sexta-feira de P\u00e1scoa. Em v\u00eddeo publicado nas redes sociais, o artista apareceu distribuindo ovos de P\u00e1scoa em diferentes pontos do Rio de Janeiro, mas com uma abordagem inovadora e tocante: em vez de entregar os chocolates diretamente \u00e0s crian\u00e7as, decidiu presentear os pais com a proposta de criar mem\u00f3rias afetivas em fam\u00edlia.<\/p>\n<h2>Uma a\u00e7\u00e3o diferente com prop\u00f3sito social<\/h2>\n<p>Na grava\u00e7\u00e3o compartilhada, Buarque explicou com entusiasmo e sensibilidade o objetivo da iniciativa. &#8220;Hoje a gente vai fazer a a\u00e7\u00e3o um pouquinho diferente. Sabemos a import\u00e2ncia de presentear com ovos de P\u00e1scoa para as crian\u00e7as. S\u00f3 que tem muitos pais que n\u00e3o conseguem proporcionar isso. Esse ano, resolvi fazer diferente: vou levar os ovinhos e, em vez de dar para as crian\u00e7as, vou dar para os pais. Para o pai ou para a m\u00e3e poder levar para casa e construir mem\u00f3rias afetivas dentro de casa&#8221;, declarou o DJ, demonstrando cuidado genu\u00edno com as fam\u00edlias cariocas.<\/p>\n<h3>Mensagem de esperan\u00e7a e transforma\u00e7\u00e3o social<\/h3>\n<p>Na legenda da publica\u00e7\u00e3o, Buarque refor\u00e7ou o prop\u00f3sito transformador da a\u00e7\u00e3o, destacando que <strong>construir mem\u00f3rias n\u00e3o tem pre\u00e7o<\/strong>. O DJ, pai de Kaleb e filho da influenciadora digital Bia Miranda, deixou clara sua inten\u00e7\u00e3o de continuar realizando iniciativas sociais: &#8220;Que esse chocolate chegue em cada casa levando alegria para as fam\u00edlias. Poder fazer isso \u00e9 muito gratificante e eu n\u00e3o vou parar at\u00e9 tentar mudar um pouco nosso mundo.&#8221;<\/p>\n<h2>Rea\u00e7\u00e3o emocionada dos seguidores<\/h2>\n<p>A resposta do p\u00fablico foi imediata e repleta de emo\u00e7\u00e3o. Seguidores elogiaram n\u00e3o apenas o gesto, mas tamb\u00e9m a qualidade dos chocolates escolhidos. Um coment\u00e1rio destacado revelou a import\u00e2ncia dos detalhes: &#8220;Ele poderia ter comprado ovos mais simples, baratos&#8230; mas n\u00e3o, comprou ovos relativamente caros! \u00c9 sobre isso, n\u00e3o \u00e9 porque \u00e9 uma doa\u00e7\u00e3o que precisa ser &#8216;qualquer coisa&#8217;&#8230; e isso n\u00e3o \u00e9 sobre o pre\u00e7o, \u00e9 sobre valor.&#8221;<\/p>\n<p>A emotividade foi compartilhada por v\u00e1rios seguidores. &#8220;N\u00e3o \u00e9 poss\u00edvel, que s\u00f3 eu que chorei com esse v\u00eddeo&#8221;, expressou uma f\u00e3. Outros refor\u00e7aram a admira\u00e7\u00e3o pelo artista: &#8220;Buarque como sempre sendo diferenciado e fazendo a diferen\u00e7a&#8221; e &#8220;At\u00e9 agora eu j\u00e1 sei se o Buarque \u00e9 IA, mano, ele \u00e9 uma das melhores pessoas que j\u00e1 vi na internet, n\u00e3o s\u00f3 por essas atitudes, mas pela verdade e sinceridade nas coisas.&#8221;<\/p>\n<h3>Mensagens de carinho e reconhecimento<\/h3>\n<p>Os coment\u00e1rios evidenciaram o impacto emocional da a\u00e7\u00e3o. Seguidores deixaram mensagens tocantes como &#8220;Cora\u00e7\u00e3o gigante e generoso. Voc\u00ea \u00e9 diferente&#8221; e &#8220;Fico com o cora\u00e7\u00e3o quentinho. Que orgulho!&#8221;. A iniciativa de Buarque refletiu uma compreens\u00e3o profunda sobre a import\u00e2ncia de <strong>criar experi\u00eancias significativas<\/strong> entre pais e filhos, transformando um presente simples em um momento de conex\u00e3o familiar duradoura.<\/p>\n<p>A a\u00e7\u00e3o realizada durante a P\u00e1scoa demonstra como gestos genu\u00ednos de solidariedade e pensamento criativo podem gerar impacto real nas comunidades e inspirar outras pessoas a repensar suas pr\u00f3prias a\u00e7\u00f5es sociais.<\/p>","protected":false},"excerpt":{"rendered":"<p>DJ Buarque emociona f\u00e3s ao distribuir ovos de P\u00e1scoa para pais no Rio. Conhe\u00e7a a a\u00e7\u00e3o social que conquistou a web e gerou impacto comunit\u00e1rio.<\/p>","protected":false},"author":4,"featured_media":24358,"comment_status":"open","ping_status":"open","sticky":false,"template":"","format":"standard","meta":{"_crdt_document":"","footnotes":""},"categories":[36],"tags":[],"class_list":["post-24363","post","type-post","status-publish","format-standard","has-post-thumbnail","hentry","category-brasil"],"brizy_media":[],"_links":{"self":[{"href":"http:\/\/jornalcorporativo.com.br\/en\/wp-json\/wp\/v2\/posts\/24363","targetHints":{"allow":["GET"]}}],"collection":[{"href":"http:\/\/jornalcorporativo.com.br\/en\/wp-json\/wp\/v2\/posts"}],"about":[{"href":"http:\/\/jornalcorporativo.com.br\/en\/wp-json\/wp\/v2\/types\/post"}],"author":[{"embeddable":true,"href":"http:\/\/jornalcorporativo.com.br\/en\/wp-json\/wp\/v2\/users\/4"}],"replies":[{"embeddable":true,"href":"http:\/\/jornalcorporativo.com.br\/en\/wp-json\/wp\/v2\/comments?post=24363"}],"version-history":[{"count":1,"href":"http:\/\/jornalcorporativo.com.br\/en\/wp-json\/wp\/v2\/posts\/24363\/revisions"}],"predecessor-version":[{"id":24378,"href":"http:\/\/jornalcorporativo.com.br\/en\/wp-json\/wp\/v2\/posts\/24363\/revisions\/24378"}],"wp:featuredmedia":[{"embeddable":true,"href":"http:\/\/jornalcorporativo.com.br\/en\/wp-json\/wp\/v2\/media\/24358"}],"wp:attachment":[{"href":"http:\/\/jornalcorporativo.com.br\/en\/wp-json\/wp\/v2\/media?parent=24363"}],"wp:term":[{"taxonomy":"category","embeddable":true,"href":"http:\/\/jornalcorporativo.com.br\/en\/wp-json\/wp\/v2\/categories?post=24363"},{"taxonomy":"post_tag","embeddable":true,"href":"http:\/\/jornalcorporativo.com.br\/en\/wp-json\/wp\/v2\/tags?post=24363"}],"curies":[{"name":"wp","href":"https:\/\/api.w.org\/{rel}","templated":true}]}}