{"id":24369,"date":"2026-04-04T12:10:43","date_gmt":"2026-04-04T15:10:43","guid":{"rendered":"https:\/\/jornalcorporativo.com.br\/?p=24369"},"modified":"2026-04-04T12:10:43","modified_gmt":"2026-04-04T15:10:43","slug":"paquistao-transporte-publico-gratuito-crise-energetica-oriente-medio","status":"publish","type":"post","link":"http:\/\/jornalcorporativo.com.br\/en\/internacional\/paquistao-transporte-publico-gratuito-crise-energetica-oriente-medio\/","title":{"rendered":"Paquist\u00e3o oferece transporte p\u00fablico gratuito durante crise energ\u00e9tica causada por guerra no Oriente M\u00e9dio"},"content":{"rendered":"<h2>Paquist\u00e3o implementa transporte gratuito em resposta \u00e0 crise de combust\u00edveis<\/h2>\n<p>O Paquist\u00e3o anunciou medidas emergenciais para enfrentar a crise energ\u00e9tica provocada pela escalada de tens\u00f5es no Oriente M\u00e9dio. As autoridades governamentais decidiram oferecer <strong>transporte p\u00fablico gratuito<\/strong> na capital Islamabad e nas principais prov\u00edncias do pa\u00eds durante um per\u00edodo determinado, buscando aliviar o impacto dos pre\u00e7os elevados de combust\u00edveis na popula\u00e7\u00e3o.<\/p>\n<p>A decis\u00e3o foi comunicada pelo Ministro do Interior, Mohsin Naqvi, em pronunciamento oficial na sexta-feira (3). Segundo o comunicado, todo o transporte p\u00fablico em Islamabad seria gratuito para os cidad\u00e3os pelos pr\u00f3ximos 30 dias, a partir do s\u00e1bado seguinte. Esta medida surge como resposta direta aos protestos de rua e \u00e0s longas filas registradas nos postos de gasolina do pa\u00eds.<\/p>\n<h2>Aumento dr\u00e1stico nos pre\u00e7os dos combust\u00edveis<\/h2>\n<p>Os pre\u00e7os dos combust\u00edveis sofreram <strong>eleva\u00e7\u00e3o de 42,7%<\/strong>, alcan\u00e7ando US$ 1,74 por litro, o que desencadeou uma onda de descontentamento entre a popula\u00e7\u00e3o paquistanesa. A situa\u00e7\u00e3o for\u00e7ou o primeiro-ministro Shehbaz Sharif a intervir rapidamente, revertendo a decis\u00e3o na noite de sexta-feira e anunciando uma <strong>redu\u00e7\u00e3o nos impostos sobre combust\u00edveis<\/strong>.<\/p>\n<p>Sharif fixou o pre\u00e7o da gasolina em 378 r\u00fapias por litro, equivalente a US$ 1,36 (aproximadamente R$ 7,01 na cota\u00e7\u00e3o atual), com validade de pelo menos um m\u00eas. Por\u00e9m, o diesel n\u00e3o recebeu a mesma considera\u00e7\u00e3o, permanecendo em 520 r\u00fapias por litro (US$ 1,87, cerca de R$ 9,64), ap\u00f3s sofrer um aumento ainda mais expressivo de 54,9%.<\/p>\n<h2>Conflito no Oriente M\u00e9dio paralisa rotas estrat\u00e9gicas<\/h2>\n<p>A raiz da crise energ\u00e9tica global reside na <strong>guerra comercial entre Estados Unidos e Israel contra o Ir\u00e3<\/strong>, iniciada em 28 de fevereiro. Este confronto paralisou o tr\u00e1fego mar\u00edtimo no Estreito de Ormuz, rota crucial por onde passa <strong>um quinto do petr\u00f3leo bruto mundial<\/strong>. A interrup\u00e7\u00e3o do com\u00e9rcio de petr\u00f3leo nesta via estrat\u00e9gica reverbera economicamente em na\u00e7\u00f5es dependentes de importa\u00e7\u00f5es energ\u00e9ticas, como o Paquist\u00e3o.<\/p>\n<h3>Impacto econ\u00f4mico global<\/h3>\n<p>A crise n\u00e3o se limita ao Paquist\u00e3o. Diversos pa\u00edses ao redor do mundo implementam medidas semelhantes para minimizar o consumo de combust\u00edveis e proteger suas popula\u00e7\u00f5es dos efeitos inflacion\u00e1rios.<\/p>\n<h2>Respostas internacionais \u00e0 crise energ\u00e9tica<\/h2>\n<p>Na Austr\u00e1lia, pelo menos dois estados adotaram pol\u00edticas de transporte p\u00fablico gratuito. Em Victoria, onde situa-se Melbourne, trens, bondes e \u00f4nibus funcionam gratuitamente durante todo o m\u00eas de abril, segundo an\u00fancio da primeira-ministra estadual Jacinta Allan, que enfatiza o al\u00edvio do impacto imediato sobre as fam\u00edlias.<\/p>\n<p>Na Tasm\u00e2nia, a <strong>gratuidade do transporte p\u00fablico iniciou-se<\/strong> na \u00faltima segunda-feira, estendendo-se at\u00e9 o final de junho. O programa abrange \u00f4nibus, transporte rodovi\u00e1rio e balsas, incluindo a libera\u00e7\u00e3o de \u00f4nibus escolares pagos, gerando economia estimada em aproximadamente 20 d\u00f3lares australianos semanais para as fam\u00edlias.<\/p>\n<h3>Outras estrat\u00e9gias globais<\/h3>\n<p>O Egito implementou redu\u00e7\u00e3o de hor\u00e1rios comerciais e incentivou o trabalho remoto para diminuir deslocamentos. A Eti\u00f3pia concedeu licen\u00e7as a funcion\u00e1rios n\u00e3o essenciais, reduzindo o tr\u00e1fego e o consumo de combust\u00edvel.<\/p>\n<p>As Filipinas adotaram medidas mais dr\u00e1sticas, <strong>declarando emerg\u00eancia nacional<\/strong> e implementando subs\u00eddios para motoristas, redu\u00e7\u00e3o de servi\u00e7os de balsa e uma semana de trabalho de quatro dias para servidores p\u00fablicos. Essas a\u00e7\u00f5es refletem a gravidade da crise energ\u00e9tica global desencadeada pelo conflito no Oriente M\u00e9dio.<\/p>","protected":false},"excerpt":{"rendered":"<p>Paquist\u00e3o oferece transporte p\u00fablico gratuito em Islamabad durante crise energ\u00e9tica causada pela guerra no Oriente M\u00e9dio e aumento de 42% nos pre\u00e7os de combust\u00edveis.<\/p>","protected":false},"author":4,"featured_media":24365,"comment_status":"open","ping_status":"open","sticky":false,"template":"","format":"standard","meta":{"_crdt_document":"","footnotes":""},"categories":[2],"tags":[],"class_list":["post-24369","post","type-post","status-publish","format-standard","has-post-thumbnail","hentry","category-internacional"],"brizy_media":[],"_links":{"self":[{"href":"http:\/\/jornalcorporativo.com.br\/en\/wp-json\/wp\/v2\/posts\/24369","targetHints":{"allow":["GET"]}}],"collection":[{"href":"http:\/\/jornalcorporativo.com.br\/en\/wp-json\/wp\/v2\/posts"}],"about":[{"href":"http:\/\/jornalcorporativo.com.br\/en\/wp-json\/wp\/v2\/types\/post"}],"author":[{"embeddable":true,"href":"http:\/\/jornalcorporativo.com.br\/en\/wp-json\/wp\/v2\/users\/4"}],"replies":[{"embeddable":true,"href":"http:\/\/jornalcorporativo.com.br\/en\/wp-json\/wp\/v2\/comments?post=24369"}],"version-history":[{"count":1,"href":"http:\/\/jornalcorporativo.com.br\/en\/wp-json\/wp\/v2\/posts\/24369\/revisions"}],"predecessor-version":[{"id":24380,"href":"http:\/\/jornalcorporativo.com.br\/en\/wp-json\/wp\/v2\/posts\/24369\/revisions\/24380"}],"wp:featuredmedia":[{"embeddable":true,"href":"http:\/\/jornalcorporativo.com.br\/en\/wp-json\/wp\/v2\/media\/24365"}],"wp:attachment":[{"href":"http:\/\/jornalcorporativo.com.br\/en\/wp-json\/wp\/v2\/media?parent=24369"}],"wp:term":[{"taxonomy":"category","embeddable":true,"href":"http:\/\/jornalcorporativo.com.br\/en\/wp-json\/wp\/v2\/categories?post=24369"},{"taxonomy":"post_tag","embeddable":true,"href":"http:\/\/jornalcorporativo.com.br\/en\/wp-json\/wp\/v2\/tags?post=24369"}],"curies":[{"name":"wp","href":"https:\/\/api.w.org\/{rel}","templated":true}]}}