{"id":24374,"date":"2026-04-04T12:11:16","date_gmt":"2026-04-04T15:11:16","guid":{"rendered":"https:\/\/jornalcorporativo.com.br\/?p=24374"},"modified":"2026-04-04T12:11:16","modified_gmt":"2026-04-04T15:11:16","slug":"nasa-artemis-ii-metade-caminho-lua-foto","status":"publish","type":"post","link":"http:\/\/jornalcorporativo.com.br\/en\/internacional\/nasa-artemis-ii-metade-caminho-lua-foto\/","title":{"rendered":"Nasa divulga imagem hist\u00f3rica da Artemis II na metade do caminho para a Lua"},"content":{"rendered":"<h2>Artemis II segue rumo \u00e0 Lua com sucesso em miss\u00e3o de explora\u00e7\u00e3o lunar<\/h2>\n<p>A miss\u00e3o <strong>Artemis II<\/strong> da Nasa continua sua jornada rumo \u00e0 Lua e, no momento atual, encontra-se aproximadamente na metade do trajeto planejado. A espa\u00e7onave <strong>Orion<\/strong> transporta uma tripula\u00e7\u00e3o de astronautas que realizar\u00e1 um importante sobrevoo lunar, enquanto coleta dados cient\u00edficos cruciais da superf\u00edcie do sat\u00e9lite natural terrestre. Este \u00e9 um marco significativo na retomada das opera\u00e7\u00f5es tripuladas na explora\u00e7\u00e3o lunar.<\/p>\n<p>A ag\u00eancia espacial divulgou uma fotografia extraordin\u00e1ria que documenta a nave em pleno espa\u00e7o profundo, com a Lua magnificamente enquadrada ao fundo da composi\u00e7\u00e3o. O registro foi capturado atrav\u00e9s de uma c\u00e2mera instalada estrategicamente na extremidade de um dos pain\u00e9is solares da espa\u00e7onave, proporcionando uma perspectiva in\u00e9dita e notavelmente \u00fanica da miss\u00e3o em desenvolvimento.<\/p>\n<h3>Detalhes da fotografia hist\u00f3rica capturada pela Nasa<\/h3>\n<p>Na imagem divulgada, a Lua apresenta-se como um corpo cinzento e distante, criando um contraste impressionante contra a escurid\u00e3o infinita do espa\u00e7o sideral. \u00c0 esquerda da fotografia, \u00e9 poss\u00edvel identificar claramente uma por\u00e7\u00e3o da c\u00e1psula Orion, enquanto um de seus <strong>pain\u00e9is solares<\/strong> se projeta em dire\u00e7\u00e3o ao centro do frame, compondo uma cena visualmente equilibrada e cientificamente relevante.<\/p>\n<p>Este tipo de documenta\u00e7\u00e3o visual \u00e9 fundamental para acompanhar o progresso das miss\u00f5es espaciais e para educar o p\u00fablico sobre os avan\u00e7os tecnol\u00f3gicos alcan\u00e7ados pela explora\u00e7\u00e3o espacial moderna. A imagem refor\u00e7a o compromisso da Nasa com a transpar\u00eancia e a divulga\u00e7\u00e3o de informa\u00e7\u00f5es sobre suas opera\u00e7\u00f5es.<\/p>\n<h3>Especifica\u00e7\u00f5es t\u00e9cnicas e objetivos da miss\u00e3o Artemis II<\/h3>\n<p>A miss\u00e3o Artemis II possui uma <strong>dura\u00e7\u00e3o estimada de dez dias<\/strong> e seguir\u00e1 uma trajet\u00f3ria em formato de oito, um padr\u00e3o de voo que maximiza as oportunidades de observa\u00e7\u00e3o e pesquisa. Durante o percurso cuidadosamente planejado, a nave contornar\u00e1 o <strong>lado oculto da Lua<\/strong>, ampliando significativamente o alcance das observa\u00e7\u00f5es cient\u00edficas e dos testes tecnol\u00f3gicos realizados pela tripula\u00e7\u00e3o em \u00f3rbita lunar.<\/p>\n<p>Os dados coletados durante esta miss\u00e3o servir\u00e3o como base para futuras opera\u00e7\u00f5es de pouso lunar e estabelecer\u00e3o protocolos essenciais para a perman\u00eancia humana prolongada na Lua. A Artemis II representa um passo fundamental no programa Artemis da Nasa, que visa retornar humanos \u00e0 Lua de maneira sustent\u00e1vel e preparar as bases para miss\u00f5es a Marte.<\/p>\n<h3>Recorde hist\u00f3rico e compara\u00e7\u00e3o com a Apollo 13<\/h3>\n<p>A expectativa \u00e9 que a <strong>Artemis II supere o recorde<\/strong> de maior dist\u00e2ncia da Terra j\u00e1 alcan\u00e7ada por humanos, marca que atualmente pertence \u00e0 hist\u00f3rica miss\u00e3o Apollo 13. Em 1970, aquela miss\u00e3o enfrentou problemas t\u00e9cnicos significativos que impediram o pouso lunar planejado, mas mesmo assim estabeleceu um recorde de dist\u00e2ncia que permanece inquebr\u00e1vel at\u00e9 os dias atuais.<\/p>\n<p>A supera\u00e7\u00e3o deste marco hist\u00f3rico simbolizaria n\u00e3o apenas um progresso tecnol\u00f3gico, mas tamb\u00e9m uma renova\u00e7\u00e3o do compromisso da humanidade com a explora\u00e7\u00e3o espacial. A Artemis II carrega consigo a heran\u00e7a das miss\u00f5es Apollo e a promessa de uma nova era de descobertas lunares.<\/p>","protected":false},"excerpt":{"rendered":"<p>Artemis II alcan\u00e7a metade do caminho para a Lua. Nasa divulga foto hist\u00f3rica da espa\u00e7onave Orion no espa\u00e7o profundo.<\/p>","protected":false},"author":4,"featured_media":24371,"comment_status":"open","ping_status":"open","sticky":false,"template":"","format":"standard","meta":{"_crdt_document":"","footnotes":""},"categories":[2],"tags":[],"class_list":["post-24374","post","type-post","status-publish","format-standard","has-post-thumbnail","hentry","category-internacional"],"brizy_media":[],"_links":{"self":[{"href":"http:\/\/jornalcorporativo.com.br\/en\/wp-json\/wp\/v2\/posts\/24374","targetHints":{"allow":["GET"]}}],"collection":[{"href":"http:\/\/jornalcorporativo.com.br\/en\/wp-json\/wp\/v2\/posts"}],"about":[{"href":"http:\/\/jornalcorporativo.com.br\/en\/wp-json\/wp\/v2\/types\/post"}],"author":[{"embeddable":true,"href":"http:\/\/jornalcorporativo.com.br\/en\/wp-json\/wp\/v2\/users\/4"}],"replies":[{"embeddable":true,"href":"http:\/\/jornalcorporativo.com.br\/en\/wp-json\/wp\/v2\/comments?post=24374"}],"version-history":[{"count":1,"href":"http:\/\/jornalcorporativo.com.br\/en\/wp-json\/wp\/v2\/posts\/24374\/revisions"}],"predecessor-version":[{"id":24383,"href":"http:\/\/jornalcorporativo.com.br\/en\/wp-json\/wp\/v2\/posts\/24374\/revisions\/24383"}],"wp:featuredmedia":[{"embeddable":true,"href":"http:\/\/jornalcorporativo.com.br\/en\/wp-json\/wp\/v2\/media\/24371"}],"wp:attachment":[{"href":"http:\/\/jornalcorporativo.com.br\/en\/wp-json\/wp\/v2\/media?parent=24374"}],"wp:term":[{"taxonomy":"category","embeddable":true,"href":"http:\/\/jornalcorporativo.com.br\/en\/wp-json\/wp\/v2\/categories?post=24374"},{"taxonomy":"post_tag","embeddable":true,"href":"http:\/\/jornalcorporativo.com.br\/en\/wp-json\/wp\/v2\/tags?post=24374"}],"curies":[{"name":"wp","href":"https:\/\/api.w.org\/{rel}","templated":true}]}}