{"id":24474,"date":"2026-04-09T00:01:19","date_gmt":"2026-04-09T03:01:19","guid":{"rendered":"https:\/\/jornalcorporativo.com.br\/redacao\/israel-reclama-exclusao-negociacoes-cessar-fogo-ira\/"},"modified":"2026-04-09T00:01:19","modified_gmt":"2026-04-09T03:01:19","slug":"israel-reclama-exclusao-negociacoes-cessar-fogo-ira","status":"publish","type":"post","link":"http:\/\/jornalcorporativo.com.br\/en\/internacional\/israel-reclama-exclusao-negociacoes-cessar-fogo-ira\/","title":{"rendered":"Israel reclama de exclus\u00e3o em negocia\u00e7\u00f5es de cessar-fogo com Ir\u00e3 e questiona estabilidade do acordo"},"content":{"rendered":"<h2>Insatisfa\u00e7\u00e3o israelense com processo de negocia\u00e7\u00e3o<\/h2>\n<p>Israel expressou profundo descontentamento ap\u00f3s ser informado tardiamente sobre as negocia\u00e7\u00f5es de cessar-fogo envolvendo o Ir\u00e3, recebendo a not\u00edcia apenas na fase final das tratativas. Segundo mediadores e fontes ouvidas pelo Wall Street Journal, o governo israelense n\u00e3o participou formalmente das discuss\u00f5es nem foi consultado ao longo do processo de negocia\u00e7\u00e3o. A confirma\u00e7\u00e3o do entendimento chegou aos momentos que precederam o an\u00fancio oficial da tr\u00e9gua de duas semanas, divulgada pouco antes do prazo estabelecido pelo presidente americano, Donald Trump.<\/p>\n<p>A \u00fanica interlocu\u00e7\u00e3o com Washington ocorreu atrav\u00e9s de um telefonema de Trump ao primeiro-ministro Benjamin Netanyahu, momentos antes da divulga\u00e7\u00e3o p\u00fablica do cessar-fogo. Durante a conversa, Netanyahu concordou em aderir ao acordo, conforme informado por um funcion\u00e1rio da Casa Branca. O gabinete do premi\u00ea israelense n\u00e3o comentou o assunto quando procurado.<\/p>\n<h2>Diverg\u00eancias sobre os termos do acordo<\/h2>\n<p>Al\u00e9m da forma question\u00e1vel como o processo foi conduzido, integrantes do governo israelense tamb\u00e9m demonstraram desconforto significativo com os termos espec\u00edficos do acordo. Um dos principais pontos de diverg\u00eancia refere-se \u00e0 poss\u00edvel inclus\u00e3o do L\u00edbano no acordo, uma hip\u00f3tese categoricamente rejeitada por Israel.<\/p>\n<p>O governo israelense argumenta que trata o L\u00edbano e o Ir\u00e3 como frentes distintas no conflito regional. Na manh\u00e3 de quarta-feira, Netanyahu afirmou explicitamente que o cessar-fogo n\u00e3o abrange o territ\u00f3rio liban\u00eas, contradizendo uma declara\u00e7\u00e3o anterior do Paquist\u00e3o, que atua como mediador nas negocia\u00e7\u00f5es.<\/p>\n<h2>Contradi\u00e7\u00f5es entre a\u00e7\u00f5es militares e tr\u00e9gua<\/h2>\n<p>Apesar das cr\u00edticas e do descontentamento manifestado, as For\u00e7as Armadas de Israel informaram que suspenderam as opera\u00e7\u00f5es militares contra o Ir\u00e3. Contudo, indicaram simultaneamente que os ataques contra o Hezbollah, no sul do L\u00edbano, continuam em andamento, evidenciando a natureza seletiva da implementa\u00e7\u00e3o do acordo.<\/p>\n<h2>Sinais de fragilidade e primeiras viola\u00e7\u00f5es<\/h2>\n<p>O cessar-fogo j\u00e1 apresenta sinais preocupantes de fragilidade logo ap\u00f3s seu an\u00fancio. O ministro das Rela\u00e7\u00f5es Exteriores do Ir\u00e3, Abbas Araghchi, denunciou formalmente &#8220;viola\u00e7\u00f5es&#8221; por parte de Israel durante conversa telef\u00f4nica com o comandante das For\u00e7as Armadas do Paquist\u00e3o, marechal Asim Munir. Segundo comunicado do governo iraniano, as supostas viola\u00e7\u00f5es teriam ocorrido tanto no territ\u00f3rio iraniano quanto no L\u00edbano.<\/p>\n<p>A m\u00eddia estatal iraniana tamb\u00e9m reportou que um drone de fabrica\u00e7\u00e3o israelense foi abatido no sul do pa\u00eds ap\u00f3s o an\u00fancio da tr\u00e9gua. Em resposta, a Guarda Revolucion\u00e1ria afirmou que qualquer incurs\u00e3o de aeronaves estrangeiras no espa\u00e7o a\u00e9reo iraniano ser\u00e1 considerada viola\u00e7\u00e3o do cessar-fogo e &#8220;respondida com firmeza&#8221;.<\/p>\n<h2>Escalada no Golfo P\u00e9rsico<\/h2>\n<p>Novos ataques foram registrados no Golfo nos momentos seguintes ao an\u00fancio da tr\u00e9gua. O Kuwait relatou ter sido alvo de uma &#8220;intensa onda&#8221; de ofensivas iranianas, enquanto os Emirados \u00c1rabes Unidos informaram ter acionado seus sistemas de defesa contra m\u00edsseis e drones. Autoridades iranianas, por sua vez, afirmaram que essas a\u00e7\u00f5es constitu\u00edram uma resposta a bombardeios contra instala\u00e7\u00f5es petrol\u00edferas na ilha de Lavan, classificados como um &#8220;ataque covarde&#8221;.<\/p>\n<h2>Desconfian\u00e7a iraniana persiste<\/h2>\n<p>Em meio \u00e0 escalada cont\u00ednua, a Guarda Revolucion\u00e1ria declarou que n\u00e3o confia nas promessas dos Estados Unidos e afirmou permanecer &#8220;com o dedo no gatilho&#8221;, apesar do acordo de tr\u00e9gua oficialmente anunciado. Essa postura revela a profunda desconfian\u00e7a que persiste entre as partes envolvidas no conflito.<\/p>","protected":false},"excerpt":{"rendered":"<p>Israel reclama de exclus\u00e3o em negocia\u00e7\u00f5es de cessar-fogo com Ir\u00e3. Netanyahu questiona acordo ap\u00f3s ser informado tardiamente. Viola\u00e7\u00f5es j\u00e1 reportadas.<\/p>","protected":false},"author":4,"featured_media":24470,"comment_status":"open","ping_status":"open","sticky":false,"template":"","format":"standard","meta":{"_crdt_document":"","footnotes":""},"categories":[2],"tags":[],"class_list":["post-24474","post","type-post","status-publish","format-standard","has-post-thumbnail","hentry","category-internacional"],"brizy_media":[],"_links":{"self":[{"href":"http:\/\/jornalcorporativo.com.br\/en\/wp-json\/wp\/v2\/posts\/24474","targetHints":{"allow":["GET"]}}],"collection":[{"href":"http:\/\/jornalcorporativo.com.br\/en\/wp-json\/wp\/v2\/posts"}],"about":[{"href":"http:\/\/jornalcorporativo.com.br\/en\/wp-json\/wp\/v2\/types\/post"}],"author":[{"embeddable":true,"href":"http:\/\/jornalcorporativo.com.br\/en\/wp-json\/wp\/v2\/users\/4"}],"replies":[{"embeddable":true,"href":"http:\/\/jornalcorporativo.com.br\/en\/wp-json\/wp\/v2\/comments?post=24474"}],"version-history":[{"count":0,"href":"http:\/\/jornalcorporativo.com.br\/en\/wp-json\/wp\/v2\/posts\/24474\/revisions"}],"wp:featuredmedia":[{"embeddable":true,"href":"http:\/\/jornalcorporativo.com.br\/en\/wp-json\/wp\/v2\/media\/24470"}],"wp:attachment":[{"href":"http:\/\/jornalcorporativo.com.br\/en\/wp-json\/wp\/v2\/media?parent=24474"}],"wp:term":[{"taxonomy":"category","embeddable":true,"href":"http:\/\/jornalcorporativo.com.br\/en\/wp-json\/wp\/v2\/categories?post=24474"},{"taxonomy":"post_tag","embeddable":true,"href":"http:\/\/jornalcorporativo.com.br\/en\/wp-json\/wp\/v2\/tags?post=24474"}],"curies":[{"name":"wp","href":"https:\/\/api.w.org\/{rel}","templated":true}]}}