{"id":25153,"date":"2026-04-24T12:01:27","date_gmt":"2026-04-24T15:01:27","guid":{"rendered":"https:\/\/jornalcorporativo.com.br\/redacao\/lapa-cartao-postal-alerta-assalto-seguranca-rio\/"},"modified":"2026-04-24T12:01:27","modified_gmt":"2026-04-24T15:01:27","slug":"lapa-cartao-postal-alerta-assalto-seguranca-rio","status":"publish","type":"post","link":"http:\/\/jornalcorporativo.com.br\/en\/brasil\/lapa-cartao-postal-alerta-assalto-seguranca-rio\/","title":{"rendered":"Lapa: de cart\u00e3o-postal do Rio a zona de alerta por assaltos e viol\u00eancia urbana"},"content":{"rendered":"<h2>A transforma\u00e7\u00e3o de um s\u00edmbolo carioca: da boemia \u00e0 inseguran\u00e7a<\/h2>\n<p>A Lapa, um dos bairros mais emblem\u00e1ticos do Rio de Janeiro, enfrenta uma transforma\u00e7\u00e3o preocupante. Durante um encontro recente com profissionais do mercado imobili\u00e1rio que debatiam a revitaliza\u00e7\u00e3o do Centro do Rio, surgiu uma quest\u00e3o inc\u00f4moda: seria poss\u00edvel que a Lapa vivenciasse o mesmo cen\u00e1rio de viol\u00eancia que atualmente afeta a Cinel\u00e2ndia? A resposta, infelizmente, aponta para um futuro sombrio. Se os esfor\u00e7os de seguran\u00e7a concentrarem-se apenas em pontos espec\u00edficos, o entorno tende a sofrer consequ\u00eancias diretas, e a Lapa, que j\u00e1 n\u00e3o representa sin\u00f4nimo de tranquilidade, pode ver suas condi\u00e7\u00f5es piorarem ainda mais.<\/p>\n<h2>Quando a c\u00e2mera flagra a realidade das ruas da Lapa<\/h2>\n<p>No Carnaval de 2026, a influenciadora Samanta Alves decidiu gravar o quadro &#8220;Cervejinha com Samanta&#8221; em frente aos ic\u00f4nicos Arcos da Lapa. O cen\u00e1rio inicial era t\u00edpico: aglomera\u00e7\u00e3o, barulho e caos caracter\u00edsticos de fevereiro no Centro do Rio. No entanto, enquanto as c\u00e2meras rodavam, a realidade das ruas se impunha: assaltos, arrast\u00f5es e at\u00e9 esfaqueamentos aconteciam simultaneamente. O diretor e namorado Ant\u00f4nio Olavo alertou sobre o risco iminente de roubo do equipamento, pedindo o encerramento da grava\u00e7\u00e3o. As imagens viralizaram nas redes sociais, acumulando milh\u00f5es de visualiza\u00e7\u00f5es, mas nenhuma a\u00e7\u00e3o concreta resultou disso. Posteriormente, outro influenciador emergiu oferecendo um guia m\u00f3rbido: quais ruas e hor\u00e1rios ainda permitem circular com alguma seguran\u00e7a.<\/p>\n<h3>Mem\u00f3rias de uma Lapa em transforma\u00e7\u00e3o<\/h3>\n<p>Quem estudou na regi\u00e3o, como no Col\u00e9gio Zaccaria, testemunhou diferentes fases da Lapa. Antes da explos\u00e3o recente de casas noturnas e da revitaliza\u00e7\u00e3o do Circo Voador, o bairro oferecia um roteiro simples mas vibrante: cerveja acess\u00edvel, festas improvisadas nos sobrados da Mem de S\u00e1 e forr\u00f3 no Clube dos Democr\u00e1ticos. Era uma Lapa transit\u00f3ria, oscilando entre o imagin\u00e1rio rom\u00e2ntico dos malandros e cabar\u00e9s antigos e a crescente presen\u00e7a de turistas de todas as origens. A regi\u00e3o atravessou diversas crises, desde o preconceito contra moradores at\u00e9 a especula\u00e7\u00e3o imobili\u00e1ria desenfreada. A transforma\u00e7\u00e3o de mera passagem para destino consolidado trouxe mudan\u00e7as significativas, mas tamb\u00e9m revelou fragilidades estruturais que agora se manifestam em forma de inseguran\u00e7a generalizada.<\/p>\n<h2>O legado cultural em risco: Clube dos Democr\u00e1ticos e a hist\u00f3ria esquecida<\/h2>\n<p>O Clube dos Democr\u00e1ticos possui uma origem singular na hist\u00f3ria carioca. No s\u00e9culo XIX, um grupo de amigos que frequentava a regi\u00e3o sonhava em fundar um clube carnavalesco, mas enfrentava obst\u00e1culos financeiros. A virada ocorreu ap\u00f3s uma aposta feita no antigo bar Maison Rouge: o grupo adquiriu um bilhete de loteria que foi premiado exatamente no dia de Nossa Senhora da Gl\u00f3ria. Com os recursos obtidos, o projeto se concretizou, e em 1867 o clube foi oficialmente inaugurado. Desde ent\u00e3o, consolidou-se como importante espa\u00e7o cultural e pol\u00edtico, contribuindo para movimentos como o fim da escravid\u00e3o e a implanta\u00e7\u00e3o da Rep\u00fablica. A arquitetura do local impressiona com detalhes decorativos not\u00e1veis, incluindo azulejos na fachada que retratam figuras cl\u00e1ssicas do carnaval como Pierrot e Colombina, al\u00e9m de homenagens a \u00edcones da cultura popular como Charlie Chaplin.<\/p>\n<h3>A malandragem carioca: estilo, hist\u00f3ria e significado cultural<\/h3>\n<p>Os malandros da Lapa deixaram marca profunda na hist\u00f3ria cultural do Rio, identific\u00e1veis por um visual elegante e meticulosamente composto. O figurino cl\u00e1ssico inclu\u00eda terno de linho branco S120, sapatos bicolores, chap\u00e9u-panam\u00e1 e camisa de seda com bot\u00f5es de madrep\u00e9rola, frequentemente complementado por cal\u00e7as modeladas em boca de sino. As roupas eram sempre bem ajustadas, limpas e passadas\u2014caracter\u00edsticas essenciais dessa est\u00e9tica. Pe\u00e7as novas eram particularmente valorizadas, assim como an\u00e9is que completavam o estilo. O chap\u00e9u funcionava tanto como s\u00edmbolo visual quanto ferramenta pr\u00e1tica em situa\u00e7\u00f5es de conflito. Nos bolsos, era comum portar dinheiro, fumo prensado \u00e0 m\u00e3o e objetos como canivetes.<\/p>\n<p>Estudiosos ressaltam que essa representa\u00e7\u00e3o segue um padr\u00e3o estereotipado, uma vez que a malandragem assumiu m\u00faltiplos significados ao longo do tempo. A associa\u00e7\u00e3o autom\u00e1tica entre malandragem e criminalidade \u00e9 questionada por especialistas e refer\u00eancias culturais. O cantor Moreira da Silva, int\u00e9rprete de personagens malandros, oferecia uma vis\u00e3o distinta: o malandro n\u00e3o era aquele que n\u00e3o trabalhava, mas quem evitava trabalho pesado.<\/p>\n<h2>A Lapa que se desvanece: reflex\u00e3o sobre perdas e futuro<\/h2>\n<p>Observar a Lapa contempor\u00e2nea \u00e9 testemunhar a eros\u00e3o de um s\u00edmbolo carioca. Boates hist\u00f3ricas transformaram-se em estacionamentos, templos religiosos ou clubes descaracterizados. A sensa\u00e7\u00e3o de inseguran\u00e7a que hoje permeia o bairro representa um retrocesso doloroso para quem acompanhou sua evolu\u00e7\u00e3o ao longo das d\u00e9cadas. A Lapa permanece como uma das s\u00ednteses mais evidentes do Rio de Janeiro, mas sua vitalidade diminui enquanto a viol\u00eancia avan\u00e7a pelas ruas que um dia pulsavam de vida cultural.<\/p>","protected":false},"excerpt":{"rendered":"<p>Lapa enfrenta onda de assaltos e viol\u00eancia. Saiba como o bairro hist\u00f3rico do Rio mudou de cart\u00e3o-postal para zona de alerta e inseguran\u00e7a.<\/p>","protected":false},"author":4,"featured_media":25149,"comment_status":"open","ping_status":"open","sticky":false,"template":"","format":"standard","meta":{"_crdt_document":"","footnotes":""},"categories":[36],"tags":[],"class_list":["post-25153","post","type-post","status-publish","format-standard","has-post-thumbnail","hentry","category-brasil"],"brizy_media":[],"_links":{"self":[{"href":"http:\/\/jornalcorporativo.com.br\/en\/wp-json\/wp\/v2\/posts\/25153","targetHints":{"allow":["GET"]}}],"collection":[{"href":"http:\/\/jornalcorporativo.com.br\/en\/wp-json\/wp\/v2\/posts"}],"about":[{"href":"http:\/\/jornalcorporativo.com.br\/en\/wp-json\/wp\/v2\/types\/post"}],"author":[{"embeddable":true,"href":"http:\/\/jornalcorporativo.com.br\/en\/wp-json\/wp\/v2\/users\/4"}],"replies":[{"embeddable":true,"href":"http:\/\/jornalcorporativo.com.br\/en\/wp-json\/wp\/v2\/comments?post=25153"}],"version-history":[{"count":0,"href":"http:\/\/jornalcorporativo.com.br\/en\/wp-json\/wp\/v2\/posts\/25153\/revisions"}],"wp:featuredmedia":[{"embeddable":true,"href":"http:\/\/jornalcorporativo.com.br\/en\/wp-json\/wp\/v2\/media\/25149"}],"wp:attachment":[{"href":"http:\/\/jornalcorporativo.com.br\/en\/wp-json\/wp\/v2\/media?parent=25153"}],"wp:term":[{"taxonomy":"category","embeddable":true,"href":"http:\/\/jornalcorporativo.com.br\/en\/wp-json\/wp\/v2\/categories?post=25153"},{"taxonomy":"post_tag","embeddable":true,"href":"http:\/\/jornalcorporativo.com.br\/en\/wp-json\/wp\/v2\/tags?post=25153"}],"curies":[{"name":"wp","href":"https:\/\/api.w.org\/{rel}","templated":true}]}}