{"id":25410,"date":"2026-04-30T00:00:45","date_gmt":"2026-04-30T03:00:45","guid":{"rendered":"https:\/\/jornalcorporativo.com.br\/redacao\/ecora-consulta-publica-certificacao-creditos-carbono\/"},"modified":"2026-04-30T00:00:45","modified_gmt":"2026-04-30T03:00:45","slug":"ecora-consulta-publica-certificacao-creditos-carbono","status":"publish","type":"post","link":"http:\/\/jornalcorporativo.com.br\/en\/economia\/ecora-consulta-publica-certificacao-creditos-carbono\/","title":{"rendered":"Ecora abre consulta p\u00fablica para padr\u00e3o de certifica\u00e7\u00e3o de cr\u00e9ditos de carbono no Brasil"},"content":{"rendered":"<h2>Ecora lan\u00e7a consulta p\u00fablica para fortalecer certifica\u00e7\u00e3o de cr\u00e9ditos de carbono<\/h2>\n<p>A Ecora, certificadora brasileira de cr\u00e9ditos de carbono apresentada durante a COP30, deu um passo importante na consolida\u00e7\u00e3o do mercado volunt\u00e1rio de carbono nacional. A iniciativa, apoiada por Bradesco, Banco Nacional de Desenvolvimento Econ\u00f4mico e Social (BNDES) e Fundo Ecogreen, abriu consulta p\u00fablica para a constru\u00e7\u00e3o de seu padr\u00e3o t\u00e9cnico e metodologia de certifica\u00e7\u00e3o, contando com apoio especializado da Aecom.<\/p>\n<p>Este processo de transpar\u00eancia pretende reunir contribui\u00e7\u00f5es relevantes para fortalecer a confiabilidade, consist\u00eancia metodol\u00f3gica e governan\u00e7a na certifica\u00e7\u00e3o de cr\u00e9ditos de carbono no pa\u00eds. A iniciativa marca um compromisso com a qualidade e a integridade do mercado volunt\u00e1rio brasileiro, \u00e1reas estrat\u00e9gicas para o desenvolvimento sustent\u00e1vel.<\/p>\n<h2>Quem pode participar da consulta p\u00fablica<\/h2>\n<p>A consulta \u00e9 direcionada a um amplo espectro de stakeholders, incluindo desenvolvedores de projetos, empresas de valida\u00e7\u00e3o e verifica\u00e7\u00e3o, institui\u00e7\u00f5es financeiras, investidores e companhias compradoras ou financiadoras de cr\u00e9ditos. Al\u00e9m dos agentes de mercado, representantes da sociedade civil, organiza\u00e7\u00f5es n\u00e3o governamentais, \u00f3rg\u00e3os p\u00fablicos e entidades de controle tamb\u00e9m s\u00e3o convidados a participar.<\/p>\n<p>Esta abordagem inclusiva amplia significativamente o escrut\u00ednio e a credibilidade do programa, garantindo que m\u00faltiplas perspectivas sejam consideradas na constru\u00e7\u00e3o de um padr\u00e3o robusto e confi\u00e1vel.<\/p>\n<h2>Documentos e metodologias disponibilizadas<\/h2>\n<p>Nesta primeira rodada de consulta, a Ecora disponibilizou documentos estruturantes do seu programa de certifica\u00e7\u00e3o. Entre eles est\u00e3o o padr\u00e3o normativo da certificadora e ferramentas metodol\u00f3gicas para avalia\u00e7\u00e3o de adicionalidade, al\u00e9m de an\u00e1lises de risco de n\u00e3o perman\u00eancia \u2014 com foco especial em projetos de Agricultura, Florestas e Uso da Terra (AFOLU).<\/p>\n<p>As diretrizes regulat\u00f3rias aplic\u00e1veis ao contexto brasileiro tamb\u00e9m foram inclu\u00eddas na documenta\u00e7\u00e3o. Segundo a empresa, as refer\u00eancias incorporam par\u00e2metros associados ao Artigo 6 do Acordo de Paris e iniciativas internacionais de integridade do mercado volunt\u00e1rio, assegurando alinhamento com padr\u00f5es globais reconhecidos.<\/p>\n<h2>Foco em metodologia REDD para florestas brasileiras<\/h2>\n<p>A primeira consulta p\u00fablica trata especificamente da metodologia de Redu\u00e7\u00e3o de Emiss\u00f5es por Desmatamento e Degrada\u00e7\u00e3o Florestal (REDD), voltada a projetos florestais no \u00e2mbito de AFOLU. Esta escolha reflete a import\u00e2ncia estrat\u00e9gica dos biomas nacionais para o Brasil na mitiga\u00e7\u00e3o das mudan\u00e7as clim\u00e1ticas.<\/p>\n<p>A floresta amaz\u00f4nica, cerrado e outras \u00e1reas florestais representam oportunidades significativas para gerar cr\u00e9ditos de carbono de alta qualidade, potencializando a participa\u00e7\u00e3o do pa\u00eds na economia verde global.<\/p>\n<h2>Perspectiva dos investidores e financiadores<\/h2>\n<p>Marcelo Noronha, CEO do Bradesco, ressaltou a import\u00e2ncia da robustez metodol\u00f3gica: <strong>&#8220;Para investidores e financiadores, a robustez metodol\u00f3gica \u00e9 decisiva para dar escala ao mercado com confian\u00e7a. A abertura da consulta p\u00fablica contribui para fortalecer crit\u00e9rios t\u00e9cnicos, transpar\u00eancia e governan\u00e7a \u2014 pilares para reduzir riscos e aumentar a seguran\u00e7a de quem financia e de quem compra cr\u00e9ditos&#8221;<\/strong>.<\/p>\n<p>H\u00e9lio Barbosa J\u00fanior, diretor do Fundo Ecogreen, complementa a vis\u00e3o sobre o compromisso institucional: <strong>&#8220;A Ecora nasce com o prop\u00f3sito de colocar o Brasil no centro da nova economia verde, com protagonismo e credibilidade&#8221;<\/strong>. Esta afirma\u00e7\u00e3o reflete o potencial transformador da iniciativa para posicionar o pa\u00eds como l\u00edder no mercado global de carbono.<\/p>\n<h2>Como participar e pr\u00f3ximas etapas<\/h2>\n<p>As contribui\u00e7\u00f5es podem ser enviadas at\u00e9 23 de maio por meio da plataforma digital no site oficial da Ecora. Ap\u00f3s o encerramento do prazo, os coment\u00e1rios ser\u00e3o consolidados e avaliados tecnicamente, com possibilidade de incorpora\u00e7\u00e3o \u00e0s vers\u00f5es finais dos documentos.<\/p>\n<p>A empresa informa que haver\u00e1 uma segunda rodada de consulta p\u00fablica, com novos m\u00f3dulos metodol\u00f3gicos e diretrizes complementares. Este processo iterativo garante que a constru\u00e7\u00e3o do padr\u00e3o de certifica\u00e7\u00e3o seja verdadeiramente participativa e fundamentada em m\u00faltiplas perspectivas.<\/p>","protected":false},"excerpt":{"rendered":"<p>Ecora abre consulta p\u00fablica para padr\u00e3o t\u00e9cnico de certifica\u00e7\u00e3o de cr\u00e9ditos de carbono, envolvendo investidores e sociedade civil.<\/p>","protected":false},"author":4,"featured_media":25408,"comment_status":"open","ping_status":"open","sticky":false,"template":"","format":"standard","meta":{"_crdt_document":"","footnotes":""},"categories":[4],"tags":[],"class_list":["post-25410","post","type-post","status-publish","format-standard","has-post-thumbnail","hentry","category-economia"],"brizy_media":[],"_links":{"self":[{"href":"http:\/\/jornalcorporativo.com.br\/en\/wp-json\/wp\/v2\/posts\/25410","targetHints":{"allow":["GET"]}}],"collection":[{"href":"http:\/\/jornalcorporativo.com.br\/en\/wp-json\/wp\/v2\/posts"}],"about":[{"href":"http:\/\/jornalcorporativo.com.br\/en\/wp-json\/wp\/v2\/types\/post"}],"author":[{"embeddable":true,"href":"http:\/\/jornalcorporativo.com.br\/en\/wp-json\/wp\/v2\/users\/4"}],"replies":[{"embeddable":true,"href":"http:\/\/jornalcorporativo.com.br\/en\/wp-json\/wp\/v2\/comments?post=25410"}],"version-history":[{"count":0,"href":"http:\/\/jornalcorporativo.com.br\/en\/wp-json\/wp\/v2\/posts\/25410\/revisions"}],"wp:featuredmedia":[{"embeddable":true,"href":"http:\/\/jornalcorporativo.com.br\/en\/wp-json\/wp\/v2\/media\/25408"}],"wp:attachment":[{"href":"http:\/\/jornalcorporativo.com.br\/en\/wp-json\/wp\/v2\/media?parent=25410"}],"wp:term":[{"taxonomy":"category","embeddable":true,"href":"http:\/\/jornalcorporativo.com.br\/en\/wp-json\/wp\/v2\/categories?post=25410"},{"taxonomy":"post_tag","embeddable":true,"href":"http:\/\/jornalcorporativo.com.br\/en\/wp-json\/wp\/v2\/tags?post=25410"}],"curies":[{"name":"wp","href":"https:\/\/api.w.org\/{rel}","templated":true}]}}