{"id":25411,"date":"2026-04-30T00:00:45","date_gmt":"2026-04-30T03:00:45","guid":{"rendered":"https:\/\/jornalcorporativo.com.br\/redacao\/shakira-rio-2026-bloqueio-ruas-copacabana\/"},"modified":"2026-04-30T00:00:45","modified_gmt":"2026-04-30T03:00:45","slug":"shakira-rio-2026-bloqueio-ruas-copacabana","status":"publish","type":"post","link":"http:\/\/jornalcorporativo.com.br\/en\/noticias\/shakira-rio-2026-bloqueio-ruas-copacabana\/","title":{"rendered":"Shakira em Copacabana 2026: Bloqueio de Ruas Come\u00e7a \u00e0 Meia-Noite de S\u00e1bado"},"content":{"rendered":"<h2>Prepara\u00e7\u00e3o para o Maior Show de Copacabana em 2026<\/h2>\n<p>O aguardado show de Shakira em Copacabana promete ser um dos maiores eventos j\u00e1 realizados na praia carioca, exigindo um planejamento log\u00edstico de propor\u00e7\u00f5es gigantescas. A apresenta\u00e7\u00e3o da artista internacional causar\u00e1 uma transforma\u00e7\u00e3o completa no tr\u00e2nsito do bairro, com bloqueios de ruas iniciando j\u00e1 nas primeiras horas do s\u00e1bado. O plano foi cuidadosamente delineado durante coletiva de imprensa com a presen\u00e7a do prefeito Eduardo Cavaliere e do presidente da Riotur, Bernardo Fellows, sendo executado pela CET-Rio.<\/p>\n<h2>Cronograma Completo de Restri\u00e7\u00f5es de Tr\u00e2nsito<\/h2>\n<h3>Meia-Noite: In\u00edcio das Interdi\u00e7\u00f5es<\/h3>\n<p>O bloqueio come\u00e7a exatamente \u00e0 meia-noite de s\u00e1bado, com o fechamento total da Avenida Atl\u00e2ntica em ambos os sentidos. Simultaneamente, ser\u00e3o suspensas <strong>tr\u00eas mil vagas de estacionamento<\/strong> em toda a regi\u00e3o e ser\u00e1 proibido o acesso de \u00f4nibus fretados, garantindo que apenas transportes autorizados circulem nas proximidades do evento.<\/p>\n<h3>18h de S\u00e1bado: Restri\u00e7\u00e3o Progressiva<\/h3>\n<p>A partir das 18h, a interdi\u00e7\u00e3o se intensifica com a proibi\u00e7\u00e3o total de acesso de autom\u00f3veis e ve\u00edculos de aplicativos em Copacabana. A \u00fanica exce\u00e7\u00e3o fica reservada aos <strong>\u00f4nibus de linha e t\u00e1xis<\/strong>, permitindo que o transporte p\u00fablico continue funcionando normalmente. No mesmo hor\u00e1rio, o Aterro do Flamengo e a Enseada de Botafogo tamb\u00e9m ser\u00e3o fechados, ampliando a zona de seguran\u00e7a.<\/p>\n<h3>19h de S\u00e1bado: Fechamento Total<\/h3>\n<p>\u00c0s 19h, o tr\u00e2nsito em Copacabana ser\u00e1 <strong>fechado por completo<\/strong>, consolidando a transforma\u00e7\u00e3o do bairro em um espa\u00e7o dedicado exclusivamente ao evento e \u00e0 seguran\u00e7a do p\u00fablico.<\/p>\n<h2>Seguran\u00e7a em N\u00edvel Reveillon<\/h2>\n<p>A opera\u00e7\u00e3o de seguran\u00e7a para o show de Shakira ser\u00e1 equivalente \u00e0 do R\u00e9veillon carioca, contando com <strong>quase oito mil agentes<\/strong> de seguran\u00e7a. O esquema inclui 78 torres de observa\u00e7\u00e3o estrategicamente posicionadas, 600 c\u00e2meras de vigil\u00e2ncia, drones e helic\u00f3pteros para monitoramento a\u00e9reo cont\u00ednuo, garantindo a m\u00e1xima prote\u00e7\u00e3o aos presentes.<\/p>\n<h2>Libera\u00e7\u00e3o Gradual no Domingo<\/h2>\n<h3>4h de Domingo: Primeira Libera\u00e7\u00e3o<\/h3>\n<p>\u00c0s 4h de domingo, \u00e9 prevista a libera\u00e7\u00e3o do tr\u00e2nsito no bairro de Copacabana, com exce\u00e7\u00e3o apenas da orla, que permanecer\u00e1 fechada.<\/p>\n<h3>10h de Domingo: Retorno Parcial<\/h3>\n<p>\u00c0s 10h de domingo, a pista junto aos pr\u00e9dios da Avenida Atl\u00e2ntica, no sentido revers\u00edvel em dire\u00e7\u00e3o ao Posto 6, volta a ficar com tr\u00e2nsito livre, facilitando a mobilidade urbana gradualmente.<\/p>\n<h3>18h de Domingo: Normaliza\u00e7\u00e3o Completa<\/h3>\n<p>A Avenida Atl\u00e2ntica \u00e9 <strong>liberada por completo<\/strong> \u00e0s 18h de domingo, retornando \u00e0 normalidade ap\u00f3s o encerramento do evento que marcar\u00e1 a agenda de Copacabana em 2026.<\/p>\n<h2>Estrat\u00e9gia de Dispers\u00e3o do P\u00fablico<\/h2>\n<p>Complementando a seguran\u00e7a, o evento contar\u00e1 com uma <strong>DJ surpresa que seguir\u00e1 at\u00e9 as 2h<\/strong> da manh\u00e3 de domingo, estrat\u00e9gia pensada especificamente para diluir gradualmente a sa\u00edda do p\u00fablico e evitar aglomera\u00e7\u00f5es perigosas nas vias de acesso ao bairro.<\/p>","protected":false},"excerpt":{"rendered":"<p>Shakira em Copacabana 2026: bloqueio de ruas come\u00e7a \u00e0 meia-noite. Confira cronograma completo, restri\u00e7\u00f5es de tr\u00e2nsito e medidas de seguran\u00e7a.<\/p>","protected":false},"author":4,"featured_media":25409,"comment_status":"open","ping_status":"open","sticky":false,"template":"","format":"standard","meta":{"_crdt_document":"","footnotes":""},"categories":[269],"tags":[],"class_list":["post-25411","post","type-post","status-publish","format-standard","has-post-thumbnail","hentry","category-noticias"],"brizy_media":[],"_links":{"self":[{"href":"http:\/\/jornalcorporativo.com.br\/en\/wp-json\/wp\/v2\/posts\/25411","targetHints":{"allow":["GET"]}}],"collection":[{"href":"http:\/\/jornalcorporativo.com.br\/en\/wp-json\/wp\/v2\/posts"}],"about":[{"href":"http:\/\/jornalcorporativo.com.br\/en\/wp-json\/wp\/v2\/types\/post"}],"author":[{"embeddable":true,"href":"http:\/\/jornalcorporativo.com.br\/en\/wp-json\/wp\/v2\/users\/4"}],"replies":[{"embeddable":true,"href":"http:\/\/jornalcorporativo.com.br\/en\/wp-json\/wp\/v2\/comments?post=25411"}],"version-history":[{"count":0,"href":"http:\/\/jornalcorporativo.com.br\/en\/wp-json\/wp\/v2\/posts\/25411\/revisions"}],"wp:featuredmedia":[{"embeddable":true,"href":"http:\/\/jornalcorporativo.com.br\/en\/wp-json\/wp\/v2\/media\/25409"}],"wp:attachment":[{"href":"http:\/\/jornalcorporativo.com.br\/en\/wp-json\/wp\/v2\/media?parent=25411"}],"wp:term":[{"taxonomy":"category","embeddable":true,"href":"http:\/\/jornalcorporativo.com.br\/en\/wp-json\/wp\/v2\/categories?post=25411"},{"taxonomy":"post_tag","embeddable":true,"href":"http:\/\/jornalcorporativo.com.br\/en\/wp-json\/wp\/v2\/tags?post=25411"}],"curies":[{"name":"wp","href":"https:\/\/api.w.org\/{rel}","templated":true}]}}