{"id":7662,"date":"2022-02-22T15:21:24","date_gmt":"2022-02-22T18:21:24","guid":{"rendered":"https:\/\/jornalcorporativo.com.br\/?p=7662"},"modified":"2022-02-22T15:21:31","modified_gmt":"2022-02-22T18:21:31","slug":"na-onu-paises-condenam-atos-da-russia","status":"publish","type":"post","link":"http:\/\/jornalcorporativo.com.br\/en\/internacional\/na-onu-paises-condenam-atos-da-russia\/","title":{"rendered":"Na ONU, pa\u00edses condenam atos da R\u00fassia"},"content":{"rendered":"<p class=\"wp-block-paragraph\">A Organiza\u00e7\u00e3o das Na\u00e7\u00f5es Unidas (ONU) e a maioria dos pa\u00edses membros do Conselho de Seguran\u00e7a condenaram na segunda-feira (21) \u00e0 noite a decis\u00e3o da R\u00fassia de reconhecer a independ\u00eancia de rep\u00fablicas separatistas na Ucr\u00e2nia e de enviar tropas \u00e0s regi\u00f5es.<\/p>\n\n\n\n<p class=\"wp-block-paragraph\">Mais cedo na segunda-feira, o presidente russo, Vladimir Putin, assinou dois decretos que reconhecem as &#8220;rep\u00fablicas populares&#8221; de Donetsk e Lugansk (as regi\u00f5es separatistas) e pedem ao minist\u00e9rio da Defesa que &#8220;as For\u00e7as Armadas da R\u00fassia (assumam nas regi\u00f5es) as fun\u00e7\u00f5es de manuten\u00e7\u00e3o da paz&#8221;.<br>&#8220;As fronteiras internacionalmente reconhecidas da Ucr\u00e2nia permanecer\u00e3o inalteradas, sem importar as declara\u00e7\u00f5es e os atos da R\u00fassia&#8221;, afirmou o embaixador ucraniano nas Na\u00e7\u00f5es Unidas, Sergiy Kyslytsya.<br>A Ucr\u00e2nia pediu \u00e0 R\u00fassia para anular a decis\u00e3o e &#8220;retornar \u00e0 mesa de negocia\u00e7\u00f5es e proceder uma retirada imediata e verific\u00e1vel de suas tropas de ocupa\u00e7\u00e3o&#8221;.<br>A embaixadora dos Estados Unidos na ONU, Linda Thomas-Greenfield, disse que o presidente Vladimir Putin ter falado de uma &#8220;for\u00e7a de manuten\u00e7\u00e3o da paz&#8221;, para justificar a entrada nos territ\u00f3rios separatistas, \u00e9 um absurdo. &#8220;Sabemos o o que realmente s\u00e3o&#8221;, disse ela.<\/p>\n\n\n\n<p class=\"wp-block-paragraph\">A secret\u00e1ria-geral adjunta da ONU para Assuntos Pol\u00edtico, Rosemary DiCarlo, lamentou as decis\u00f5es e atos da R\u00fassia. &#8220;As pr\u00f3ximas horas e dias ser\u00e3o cr\u00edticos. O risco de um grande conflito \u00e9 real e deve ser evitado a qualquer custo&#8221;, afirmou ela na reuni\u00e3o de emerg\u00eancia convocada principalmente pelos pa\u00edses ocidentais.<\/p>\n\n\n\n<p class=\"wp-block-paragraph\">Governo russo responde<br>O governo da R\u00fassia n\u00e3o est\u00e1 fechado para a diplomacia para resolver a crise na Ucr\u00e2nia, afirmou o embaixador russo na ONU, Vassily Nebenzia. Na vers\u00e3o dele, a R\u00fassia vai impedir um &#8220;banho de sangue&#8221; nos territ\u00f3rios separatistas do leste do pa\u00eds.<\/p>","protected":false},"excerpt":{"rendered":"<p> Vladimir Putin assinou decretos que reconhecem duas regi\u00f5es separatistas do leste ucraniano como &#8216;rep\u00fablicas populares&#8217;<\/p>","protected":false},"author":3,"featured_media":7663,"comment_status":"open","ping_status":"open","sticky":false,"template":"","format":"standard","meta":{"_crdt_document":"","footnotes":""},"categories":[2],"tags":[],"class_list":["post-7662","post","type-post","status-publish","format-standard","has-post-thumbnail","hentry","category-internacional"],"brizy_media":[],"_links":{"self":[{"href":"http:\/\/jornalcorporativo.com.br\/en\/wp-json\/wp\/v2\/posts\/7662","targetHints":{"allow":["GET"]}}],"collection":[{"href":"http:\/\/jornalcorporativo.com.br\/en\/wp-json\/wp\/v2\/posts"}],"about":[{"href":"http:\/\/jornalcorporativo.com.br\/en\/wp-json\/wp\/v2\/types\/post"}],"author":[{"embeddable":true,"href":"http:\/\/jornalcorporativo.com.br\/en\/wp-json\/wp\/v2\/users\/3"}],"replies":[{"embeddable":true,"href":"http:\/\/jornalcorporativo.com.br\/en\/wp-json\/wp\/v2\/comments?post=7662"}],"version-history":[{"count":0,"href":"http:\/\/jornalcorporativo.com.br\/en\/wp-json\/wp\/v2\/posts\/7662\/revisions"}],"wp:featuredmedia":[{"embeddable":true,"href":"http:\/\/jornalcorporativo.com.br\/en\/wp-json\/wp\/v2\/media\/7663"}],"wp:attachment":[{"href":"http:\/\/jornalcorporativo.com.br\/en\/wp-json\/wp\/v2\/media?parent=7662"}],"wp:term":[{"taxonomy":"category","embeddable":true,"href":"http:\/\/jornalcorporativo.com.br\/en\/wp-json\/wp\/v2\/categories?post=7662"},{"taxonomy":"post_tag","embeddable":true,"href":"http:\/\/jornalcorporativo.com.br\/en\/wp-json\/wp\/v2\/tags?post=7662"}],"curies":[{"name":"wp","href":"https:\/\/api.w.org\/{rel}","templated":true}]}}