{"id":7666,"date":"2022-02-22T15:23:42","date_gmt":"2022-02-22T18:23:42","guid":{"rendered":"https:\/\/jornalcorporativo.com.br\/?p=7666"},"modified":"2022-02-22T15:23:46","modified_gmt":"2022-02-22T18:23:46","slug":"poderio-militar-russo-e-muito-superior-ao-ucraniano-apesar-do-apoio-de-aliados","status":"publish","type":"post","link":"http:\/\/jornalcorporativo.com.br\/en\/internacional\/poderio-militar-russo-e-muito-superior-ao-ucraniano-apesar-do-apoio-de-aliados\/","title":{"rendered":"Poderio militar russo \u00e9 muito superior ao ucraniano, apesar do apoio de aliados"},"content":{"rendered":"<p class=\"wp-block-paragraph\">O presidente da R\u00fassia, Vladimir Putin, reconheceu nesta segunda-feira (21) a independ\u00eancia das regi\u00f5es separatistas ucranianas de Donetsk e Luhansk.<br>Tropas russas que estavam pr\u00f3ximas \u00e0 fronteira dos dois pa\u00edses foram ordenadas a avan\u00e7ar para a regi\u00e3o de Donbass, no leste ucraniano para &#8220;manter a paz&#8221;.<br>Com isso, um conflito na regi\u00e3o pode estar extremamente pr\u00f3ximo. Entretanto, uma disputa militar entre R\u00fassia e Ucr\u00e2nia seria extremamente desigual.<\/p>\n\n\n\n<p class=\"wp-block-paragraph\">Confira abaixo a compara\u00e7\u00e3o entre os ex\u00e9rcitos:<br>Ucr\u00e2nia x R\u00fassia<\/p>\n\n\n\n<p class=\"wp-block-paragraph\">Tropas ativas<br>209.000 x 900.000<\/p>\n\n\n\n<p class=\"wp-block-paragraph\">Tropas reservistas<br>900.000 x 2.000.000<br>Tanques<br>1.141 x 10.200<\/p>\n\n\n\n<p class=\"wp-block-paragraph\">Unidades de Artilharia<br>1.818 x 4.684<\/p>\n\n\n\n<p class=\"wp-block-paragraph\">Avi\u00f5es de Combate<br>125 x 1.160<\/p>\n\n\n\n<p class=\"wp-block-paragraph\">Al\u00e9m de ter um n\u00famero muito maior de tropas, a R\u00fassia \u00e9 um dos pa\u00edses que mais investe em avan\u00e7os tecnol\u00f3gicos militares.<\/p>\n\n\n\n<p class=\"wp-block-paragraph\">Alguns pa\u00edses como Reino Unido, Turquia e EUA disseram que ir\u00e3o apoiar militarmente a Ucr\u00e2nia, ainda assim, ela fica muito atr\u00e1s do poderio russo.<\/p>\n\n\n\n<p class=\"wp-block-paragraph\">Ucr\u00e2nia treina civis para caso de invas\u00e3o russa<br>Milhares de civis participaram na Ucr\u00e2nia, neste final de semana e no anterior, de programas de treinamento para combate criados e administrados pelo governo e por grupos paramilitares privados e que integram o plano estrat\u00e9gico de defesa do pa\u00eds no caso de uma poss\u00edvel invas\u00e3o pela R\u00fassia. Entre os participantes havia idosos e crian\u00e7as.<\/p>\n\n\n\n<p class=\"wp-block-paragraph\">O objetivo do governo ucraniano n\u00e3o \u00e9 superar o poderio militar russo, algo virtualmente imposs\u00edvel para a Ucr\u00e2nia, e sim criar uma forma de resist\u00eancia civil que torne impratic\u00e1vel uma ocupa\u00e7\u00e3o por uma for\u00e7a estrangeira.<\/p>\n\n\n\n<p class=\"wp-block-paragraph\">&#8220;Temos um ex\u00e9rcito forte, mas n\u00e3o forte o suficiente para nos defendermos da R\u00fassia&#8221;, afirmou a m\u00e9dica Marta Yuzkiv, que se inscreveu para participar do treinamento. &#8220;Se formos ocupados, e espero que isso n\u00e3o aconte\u00e7a, nos tornaremos a resist\u00eancia nacional.&#8221;<\/p>","protected":false},"excerpt":{"rendered":"<p>Al\u00e9m de ter um n\u00famero muito maior de tropas, a R\u00fassia \u00e9 um dos pa\u00edses que mais investe em avan\u00e7os tecnol\u00f3gicos militares<\/p>","protected":false},"author":3,"featured_media":7667,"comment_status":"open","ping_status":"open","sticky":false,"template":"","format":"standard","meta":{"_crdt_document":"","footnotes":""},"categories":[2],"tags":[],"class_list":["post-7666","post","type-post","status-publish","format-standard","has-post-thumbnail","hentry","category-internacional"],"brizy_media":[],"_links":{"self":[{"href":"http:\/\/jornalcorporativo.com.br\/en\/wp-json\/wp\/v2\/posts\/7666","targetHints":{"allow":["GET"]}}],"collection":[{"href":"http:\/\/jornalcorporativo.com.br\/en\/wp-json\/wp\/v2\/posts"}],"about":[{"href":"http:\/\/jornalcorporativo.com.br\/en\/wp-json\/wp\/v2\/types\/post"}],"author":[{"embeddable":true,"href":"http:\/\/jornalcorporativo.com.br\/en\/wp-json\/wp\/v2\/users\/3"}],"replies":[{"embeddable":true,"href":"http:\/\/jornalcorporativo.com.br\/en\/wp-json\/wp\/v2\/comments?post=7666"}],"version-history":[{"count":0,"href":"http:\/\/jornalcorporativo.com.br\/en\/wp-json\/wp\/v2\/posts\/7666\/revisions"}],"wp:featuredmedia":[{"embeddable":true,"href":"http:\/\/jornalcorporativo.com.br\/en\/wp-json\/wp\/v2\/media\/7667"}],"wp:attachment":[{"href":"http:\/\/jornalcorporativo.com.br\/en\/wp-json\/wp\/v2\/media?parent=7666"}],"wp:term":[{"taxonomy":"category","embeddable":true,"href":"http:\/\/jornalcorporativo.com.br\/en\/wp-json\/wp\/v2\/categories?post=7666"},{"taxonomy":"post_tag","embeddable":true,"href":"http:\/\/jornalcorporativo.com.br\/en\/wp-json\/wp\/v2\/tags?post=7666"}],"curies":[{"name":"wp","href":"https:\/\/api.w.org\/{rel}","templated":true}]}}