{"id":7681,"date":"2022-02-22T18:00:36","date_gmt":"2022-02-22T21:00:36","guid":{"rendered":"https:\/\/jornalcorporativo.com.br\/?p=7681"},"modified":"2022-02-22T18:00:40","modified_gmt":"2022-02-22T21:00:40","slug":"novo-presidente-do-tse-fachin-diz-que-ataque-a-justica-eleitoral-nao-ficara-sem-resposta","status":"publish","type":"post","link":"http:\/\/jornalcorporativo.com.br\/en\/politica\/novo-presidente-do-tse-fachin-diz-que-ataque-a-justica-eleitoral-nao-ficara-sem-resposta\/","title":{"rendered":"Novo presidente do TSE, Fachin diz que ataque \u00e0 Justi\u00e7a Eleitoral &#8216;n\u00e3o ficar\u00e1 sem resposta&#8217;"},"content":{"rendered":"<p class=\"wp-block-paragraph\">O ministro Luiz Edson Fachin assumiu nesta ter\u00e7a-feira (22) a presid\u00eancia do Tribunal Superior Eleitoral (TSE). Em entrevista, ele destacou a import\u00e2ncia da autonomia e do respeito entre os poderes da Rep\u00fablica e afirmou que ataques \u00e0 Justi\u00e7a Eleitoral n\u00e3o ficar\u00e3o sem resposta.<\/p>\n\n\n\n<p class=\"wp-block-paragraph\">O TSE tem sido alvo de ataques do presidente Jair Bolsonaro, nos quais faz principalmente questionamentos sem fundamento \u00e0 seguran\u00e7a das urnas eletr\u00f4nicas. Ele tamb\u00e9m fez v\u00e1rios ataques ao ministro Lu\u00eds Roberto Barroso, que transmitir\u00e1 a presid\u00eancia do tribunal a Fachin.<br>&#8220;Em havendo agress\u00f5es institucionais \u00e0 Justi\u00e7a Eleitoral, isso n\u00e3o ficar\u00e1 sem resposta. Quando isso se passar no campo do terreno da disputa pol\u00edtica, das narrativas, das cr\u00edticas, por mais contundentes que sejam, a democracia \u00e9 um canteiro de obras, tem ru\u00eddo, tem barulho, isso \u00e9 pr\u00f3prio da democracia. O que n\u00e3o se pode fazer \u00e9 pregar, por exemplo, o fechamento de uma determinada institui\u00e7\u00e3o, como um tribunal superior integrante do poder Judici\u00e1rio. \u00c9 esse limite, e \u00e9 essa separa\u00e7\u00e3o que, na nossa presid\u00eancia, n\u00f3s vamos fazer&#8221;, afirmou o ministro Edson Fachin.<br>Fachin ficar\u00e1 \u00e0 frente do TSE at\u00e9 agosto, quando termina o per\u00edodo de dois anos dele na corte eleitoral. No lugar, vai assumir o ministro Alexandre de Moraes, que vai comandar o TSE nas elei\u00e7\u00f5es de outubro. A cerim\u00f4nia de posse aconteceu virtualmente por causa da pandemia do coronav\u00edrus.<\/p>\n\n\n\n<p class=\"wp-block-paragraph\">Bolsonaro foi convidado, mas o Pal\u00e1cio do Planalto j\u00e1 informou que n\u00e3o poderia participar do evento. Em of\u00edcio enviado ao tribunal, o Planalto alegou compromissos preestabelecidos, mas a agenda oficial de Bolsonaro n\u00e3o tem compromissos no hor\u00e1rio da posse.<\/p>","protected":false},"excerpt":{"rendered":"<p>Edson Fachin ficar\u00e1 \u00e0 frente do TSE at\u00e9 agosto, quando termina o per\u00edodo de dois anos dele na corte eleitoral<\/p>","protected":false},"author":3,"featured_media":7682,"comment_status":"open","ping_status":"open","sticky":false,"template":"","format":"standard","meta":{"_crdt_document":"","footnotes":""},"categories":[7],"tags":[],"class_list":["post-7681","post","type-post","status-publish","format-standard","has-post-thumbnail","hentry","category-politica"],"brizy_media":[],"_links":{"self":[{"href":"http:\/\/jornalcorporativo.com.br\/en\/wp-json\/wp\/v2\/posts\/7681","targetHints":{"allow":["GET"]}}],"collection":[{"href":"http:\/\/jornalcorporativo.com.br\/en\/wp-json\/wp\/v2\/posts"}],"about":[{"href":"http:\/\/jornalcorporativo.com.br\/en\/wp-json\/wp\/v2\/types\/post"}],"author":[{"embeddable":true,"href":"http:\/\/jornalcorporativo.com.br\/en\/wp-json\/wp\/v2\/users\/3"}],"replies":[{"embeddable":true,"href":"http:\/\/jornalcorporativo.com.br\/en\/wp-json\/wp\/v2\/comments?post=7681"}],"version-history":[{"count":0,"href":"http:\/\/jornalcorporativo.com.br\/en\/wp-json\/wp\/v2\/posts\/7681\/revisions"}],"wp:featuredmedia":[{"embeddable":true,"href":"http:\/\/jornalcorporativo.com.br\/en\/wp-json\/wp\/v2\/media\/7682"}],"wp:attachment":[{"href":"http:\/\/jornalcorporativo.com.br\/en\/wp-json\/wp\/v2\/media?parent=7681"}],"wp:term":[{"taxonomy":"category","embeddable":true,"href":"http:\/\/jornalcorporativo.com.br\/en\/wp-json\/wp\/v2\/categories?post=7681"},{"taxonomy":"post_tag","embeddable":true,"href":"http:\/\/jornalcorporativo.com.br\/en\/wp-json\/wp\/v2\/tags?post=7681"}],"curies":[{"name":"wp","href":"https:\/\/api.w.org\/{rel}","templated":true}]}}