{"id":7685,"date":"2022-02-22T18:01:31","date_gmt":"2022-02-22T21:01:31","guid":{"rendered":"https:\/\/jornalcorporativo.com.br\/?p=7685"},"modified":"2022-02-22T18:01:37","modified_gmt":"2022-02-22T21:01:37","slug":"rachadinhas-receita-investiga-suposto-vazamento-de-dados","status":"publish","type":"post","link":"http:\/\/jornalcorporativo.com.br\/en\/politica\/rachadinhas-receita-investiga-suposto-vazamento-de-dados\/","title":{"rendered":"&#8216;Rachadinhas&#8217;: Receita investiga suposto vazamento de dados"},"content":{"rendered":"<p class=\"wp-block-paragraph\">A pedido do senador Fl\u00e1vio Bolsonaro (PL-RJ), a Receita Federal mobilizou cinco servidores para fazer uma investiga\u00e7\u00e3o com o objetivo de encontrar provas de vazamentos de informa\u00e7\u00f5es fiscais do parlamentar. Mas eles n\u00e3o acharam nada que embasasse as alega\u00e7\u00f5es do senador de que as investiga\u00e7\u00f5es das &#8220;rachadinhas&#8221; foram baseadas em dados ilegalmente vazados.<\/p>\n\n\n\n<p class=\"wp-block-paragraph\">A informa\u00e7\u00e3o foi publicada pelo jornal &#8220;Folha de S.Paulo&#8221;, que acessou documentos da apura\u00e7\u00e3o da Receita atrav\u00e9s da Lei de Acesso \u00e0 Informa\u00e7\u00e3o. Posteriormente, o g1 tamb\u00e9m teve acesso ao material.<\/p>\n\n\n\n<p class=\"wp-block-paragraph\">Filho do presidente Jair Bolsonaro, Fl\u00e1vio Bolsonaro \u00e9 acusado pelo Minist\u00e9rio P\u00fablico de comandar um esquema de &#8220;rachadinhas&#8221; quando era deputado estadual. Ele argumenta que teve dados fiscais vazados irregularmente de dentro da Receita. Por isso, segundo o parlamentar, as den\u00fancias contra ele seriam fundamentadas em procedimentos ilegais.<\/p>\n\n\n\n<p class=\"wp-block-paragraph\">&#8220;Rachadinha&#8221; \u00e9 uma pr\u00e1tica irregular, que consiste em contratar servidores p\u00fablicos mediante a imposi\u00e7\u00e3o de ficar com parte do sal\u00e1rio deles. De acordo com o Minist\u00e9rio P\u00fablico, um esquema assim ocorreu no gabinete de Fl\u00e1vio Bolsonaro na Assembleia Legislativa do Rio de Janeiro.<\/p>\n\n\n\n<p class=\"wp-block-paragraph\">As den\u00fancias envolvendo Fl\u00e1vio Bolsonaro come\u00e7aram a ganhar repercuss\u00e3o em dezembro de 2018, quando um relat\u00f3rio do Conselho de Controle de Atividades Financeiras (Coaf) apontou movimenta\u00e7\u00f5es financeiras suspeitas por parte de Fabr\u00edcio Queiroz, assessor de Fl\u00e1vio e amigo da fam\u00edlia Bolsonaro.<\/p>\n\n\n\n<p class=\"wp-block-paragraph\">Desde ent\u00e3o, o senador, que nega as acusa\u00e7\u00f5es, busca invalidar as investiga\u00e7\u00f5es.<\/p>","protected":false},"excerpt":{"rendered":"<p>Fl\u00e1vio Bolsonaro pediu investiga\u00e7\u00e3o com &#8216;m\u00e1xima urg\u00eancia&#8217;, argumentando que dados fiscais foram ilegalmente vazados, mas n\u00e3o acha provas<\/p>","protected":false},"author":3,"featured_media":7686,"comment_status":"open","ping_status":"open","sticky":false,"template":"","format":"standard","meta":{"_crdt_document":"","footnotes":""},"categories":[7],"tags":[],"class_list":["post-7685","post","type-post","status-publish","format-standard","has-post-thumbnail","hentry","category-politica"],"brizy_media":[],"_links":{"self":[{"href":"http:\/\/jornalcorporativo.com.br\/en\/wp-json\/wp\/v2\/posts\/7685","targetHints":{"allow":["GET"]}}],"collection":[{"href":"http:\/\/jornalcorporativo.com.br\/en\/wp-json\/wp\/v2\/posts"}],"about":[{"href":"http:\/\/jornalcorporativo.com.br\/en\/wp-json\/wp\/v2\/types\/post"}],"author":[{"embeddable":true,"href":"http:\/\/jornalcorporativo.com.br\/en\/wp-json\/wp\/v2\/users\/3"}],"replies":[{"embeddable":true,"href":"http:\/\/jornalcorporativo.com.br\/en\/wp-json\/wp\/v2\/comments?post=7685"}],"version-history":[{"count":0,"href":"http:\/\/jornalcorporativo.com.br\/en\/wp-json\/wp\/v2\/posts\/7685\/revisions"}],"wp:featuredmedia":[{"embeddable":true,"href":"http:\/\/jornalcorporativo.com.br\/en\/wp-json\/wp\/v2\/media\/7686"}],"wp:attachment":[{"href":"http:\/\/jornalcorporativo.com.br\/en\/wp-json\/wp\/v2\/media?parent=7685"}],"wp:term":[{"taxonomy":"category","embeddable":true,"href":"http:\/\/jornalcorporativo.com.br\/en\/wp-json\/wp\/v2\/categories?post=7685"},{"taxonomy":"post_tag","embeddable":true,"href":"http:\/\/jornalcorporativo.com.br\/en\/wp-json\/wp\/v2\/tags?post=7685"}],"curies":[{"name":"wp","href":"https:\/\/api.w.org\/{rel}","templated":true}]}}