{"id":8467,"date":"2022-03-31T16:42:34","date_gmt":"2022-03-31T19:42:34","guid":{"rendered":"https:\/\/jornalcorporativo.com.br\/?p=8467"},"modified":"2022-03-31T16:42:37","modified_gmt":"2022-03-31T19:42:37","slug":"fifa-divulga-ranking-com-brasil-em-primeiro-e-confirma-potes-para-sorteio-da-copa-do-mundo","status":"publish","type":"post","link":"http:\/\/jornalcorporativo.com.br\/en\/esportes\/fifa-divulga-ranking-com-brasil-em-primeiro-e-confirma-potes-para-sorteio-da-copa-do-mundo\/","title":{"rendered":"Fifa divulga ranking com Brasil em primeiro e confirma potes para sorteio da Copa do Mundo"},"content":{"rendered":"<p class=\"wp-block-paragraph\">A Fifa divulgou nesta quinta-feira o seu ranking atualizado e confirmou os potes para o sorteio dos grupos da Copa do Mundo. Pela primeira vez desde agosto de 2017, o Brasil est\u00e1 no topo. A Sele\u00e7\u00e3o ultrapassou a B\u00e9lgica e deve ir para o Mundial do Catar na lideran\u00e7a da lista.<\/p>\n\n\n\n<p class=\"wp-block-paragraph\">A It\u00e1lia \u00e9 a \u00fanica sele\u00e7\u00e3o do Top-10 que n\u00e3o estar\u00e1 na Copa. No Top-20, Su\u00e9cia e Col\u00f4mbia s\u00e3o as aus\u00eancias, e o Pa\u00eds de Gales ainda aguarda a repescagem para tentar confirmar sua vaga.<\/p>\n\n\n\n<p class=\"wp-block-paragraph\">Confira as 10 primeiras sele\u00e7\u00f5es do ranking:<br>Brasil &#8211; 1832,69 pontos<br>B\u00e9lgica &#8211; 1827<br>Fran\u00e7a &#8211; 1789,85<br>Argentina &#8211; 1795,13<br>Inglaterra &#8211; 1761,71<br>It\u00e1lia* &#8211; 1723,31<br>Espanha &#8211; 1709,19<br>Portugal &#8211; 1674,78<br>M\u00e9xico &#8211; 1658,82<br>Holanda &#8211; 1658,66<br>*N\u00e3o est\u00e1 na Copa do Mundo<\/p>\n\n\n\n<p class=\"wp-block-paragraph\">A Fifa sorteia os grupos da Copa do Mundo de 2022 hoje, \u00e0s 13h (de Bras\u00edlia).<\/p>\n\n\n\n<p class=\"wp-block-paragraph\">As posi\u00e7\u00f5es do ranking atualizado orientam a divis\u00e3o dos potes para o sorteio desta sexta-feira. Pa\u00eds anfitri\u00e3o, o Catar \u00e9 cabe\u00e7a de chave e vai para o Grupo A. Holanda, d\u00e9cima colocada na lista da Fifa, e Alemanha, a 12\u00ba, est\u00e3o, portanto, no pote 2. Isso quer dizer que uma delas pode ser advers\u00e1ria do Brasil na fase de grupos.<\/p>\n\n\n\n<p class=\"wp-block-paragraph\">Veja como ficaram os potes da Copa do Mundo:<\/p>\n\n\n\n<p class=\"wp-block-paragraph\">CABE\u00c7AS DE CHAVE: Catar, Brasil, B\u00e9lgica, Fran\u00e7a, Argentina, Inglaterra, Espanha, Portugal<br>POTE 2: Holanda, Alemanha, Dinamarca, M\u00e9xico, Estados Unidos, Su\u00ed\u00e7a, Uruguai, Cro\u00e1cia<br>POTE 3: Senegal, Ir\u00e3, Jap\u00e3o, S\u00e9rvia, Pol\u00f4nia, Coreia do Sul, Marrocos, Tun\u00edsia<br>POTE 4: Canad\u00e1, Equador, Ar\u00e1bia Saudita, Gana, Camar\u00f5es, classificados da repescagem<\/p>\n\n\n\n<p class=\"wp-block-paragraph\">Para o sorteio, h\u00e1 algumas restri\u00e7\u00f5es:<br>Com exce\u00e7\u00e3o da Europa, pa\u00edses do mesmo continente n\u00e3o caem no mesmo grupo.<br>\u00c9 poss\u00edvel no m\u00e1ximo dois europeus por grupo \u2013 s\u00e3o cinco grupos com cinco europeus, e tr\u00eas com um.<br>Os tr\u00eas classificados que ser\u00e3o definidos em junho cair\u00e3o no pote 4.<br>O bloqueio entre pa\u00edses do mesmo continente tamb\u00e9m funciona para quem viera das repescagens. Por exemplo: o vencedor de Peru x Austr\u00e1lia\/Emirados \u00c1rabes n\u00e3o entra no grupo do Brasil ou de uma sele\u00e7\u00e3o asi\u00e1tica.<\/p>","protected":false},"excerpt":{"rendered":"<p>Pela primeira vez desde agosto de 2017, Brasil est\u00e1 no topo. Sele\u00e7\u00e3o ultrapassou a B\u00e9lgica e vai para o Mundial no da topo lista<\/p>","protected":false},"author":3,"featured_media":8468,"comment_status":"open","ping_status":"open","sticky":false,"template":"","format":"standard","meta":{"_crdt_document":"","footnotes":""},"categories":[6],"tags":[],"class_list":["post-8467","post","type-post","status-publish","format-standard","has-post-thumbnail","hentry","category-esportes"],"brizy_media":[],"_links":{"self":[{"href":"http:\/\/jornalcorporativo.com.br\/en\/wp-json\/wp\/v2\/posts\/8467","targetHints":{"allow":["GET"]}}],"collection":[{"href":"http:\/\/jornalcorporativo.com.br\/en\/wp-json\/wp\/v2\/posts"}],"about":[{"href":"http:\/\/jornalcorporativo.com.br\/en\/wp-json\/wp\/v2\/types\/post"}],"author":[{"embeddable":true,"href":"http:\/\/jornalcorporativo.com.br\/en\/wp-json\/wp\/v2\/users\/3"}],"replies":[{"embeddable":true,"href":"http:\/\/jornalcorporativo.com.br\/en\/wp-json\/wp\/v2\/comments?post=8467"}],"version-history":[{"count":0,"href":"http:\/\/jornalcorporativo.com.br\/en\/wp-json\/wp\/v2\/posts\/8467\/revisions"}],"wp:featuredmedia":[{"embeddable":true,"href":"http:\/\/jornalcorporativo.com.br\/en\/wp-json\/wp\/v2\/media\/8468"}],"wp:attachment":[{"href":"http:\/\/jornalcorporativo.com.br\/en\/wp-json\/wp\/v2\/media?parent=8467"}],"wp:term":[{"taxonomy":"category","embeddable":true,"href":"http:\/\/jornalcorporativo.com.br\/en\/wp-json\/wp\/v2\/categories?post=8467"},{"taxonomy":"post_tag","embeddable":true,"href":"http:\/\/jornalcorporativo.com.br\/en\/wp-json\/wp\/v2\/tags?post=8467"}],"curies":[{"name":"wp","href":"https:\/\/api.w.org\/{rel}","templated":true}]}}