{"id":8565,"date":"2022-04-05T15:03:07","date_gmt":"2022-04-05T18:03:07","guid":{"rendered":"https:\/\/jornalcorporativo.com.br\/?p=8565"},"modified":"2022-04-05T15:03:10","modified_gmt":"2022-04-05T18:03:10","slug":"putin-pode-ser-julgado-por-crime-de-guerra","status":"publish","type":"post","link":"http:\/\/jornalcorporativo.com.br\/en\/internacional\/putin-pode-ser-julgado-por-crime-de-guerra\/","title":{"rendered":"Putin pode ser julgado por crime de guerra?"},"content":{"rendered":"<p class=\"wp-block-paragraph\">Imagens de corpos de civis nas ruas de Bucha levaram \u00e0 reprova\u00e7\u00e3o internacional da R\u00fassia \u2014 e a novas acusa\u00e7\u00f5es de que suas for\u00e7as militares est\u00e3o cometendo crimes de guerra.<br>O Tribunal Penal Internacional j\u00e1 come\u00e7ou a investigar se est\u00e3o ocorrendo crimes de guerra, e a Ucr\u00e2nia tamb\u00e9m montou uma equipe para coletar evid\u00eancias.<\/p>\n\n\n\n<p class=\"wp-block-paragraph\">Quais s\u00e3o as acusa\u00e7\u00f5es de crimes de guerra na Ucr\u00e2nia?<br>Investigadores e jornalistas descobriram o que parecem ser evid\u00eancias do assassinato deliberado de civis em Bucha, uma cidade nos arredores de Kiev, e em outras \u00e1reas pr\u00f3ximas.<br>As for\u00e7as ucranianas dizem ter encontrado valas comuns, e h\u00e1 evid\u00eancias de que civis foram mortos a tiros depois que seus p\u00e9s e m\u00e3os foram amarrados.<\/p>\n\n\n\n<p class=\"wp-block-paragraph\">O primeiro-ministro do Reino Unido, Boris Johnson, afirmou que os ataques s\u00e3o &#8220;mais uma evid\u00eancia&#8221; de crimes de guerra.<br>Na semana passada, o secret\u00e1rio de Estado americano, Antony Blinken, disse que a R\u00fassia &#8220;destruiu pr\u00e9dios de apartamentos, escolas, hospitais, infraestrutura essencial, ve\u00edculos civis, shopping centers e ambul\u00e2ncias&#8221; \u2014 a\u00e7\u00f5es que os EUA afirmam equivaler a crimes de guerra.<\/p>\n\n\n\n<p class=\"wp-block-paragraph\">Em mar\u00e7o, um ataque russo a um teatro em Mariupol parecia ser o primeiro local confirmado de um assassinato em massa. A palavra &#8220;crian\u00e7as&#8221; estava escrita em letras gigantes do lado de fora do pr\u00e9dio.<\/p>\n\n\n\n<p class=\"wp-block-paragraph\">A Ucr\u00e2nia classificou anteriormente o ataque a\u00e9reo da R\u00fassia a um hospital de Mariupol de crime de guerra.<br>H\u00e1 tamb\u00e9m cada vez mais evid\u00eancias de que bombas de fragmenta\u00e7\u00e3o \u2014 muni\u00e7\u00f5es que se separam em v\u00e1rias pequenas bombas \u2014 atingiram \u00e1reas civis de Kharkiv.<\/p>\n\n\n\n<p class=\"wp-block-paragraph\">O Reino Unido diz que a R\u00fassia usou explosivos termob\u00e1ricos, que criam um v\u00e1cuo enorme ao sugar oxig\u00eanio. Estes n\u00e3o s\u00e3o proibidos, mas seu uso deliberado perto de civis muito provavelmente violaria as regras da guerra.<\/p>\n\n\n\n<p class=\"wp-block-paragraph\">Muitos especialistas argumentam que a invas\u00e3o em si \u00e9 um crime sob o conceito de &#8220;guerra de agress\u00e3o&#8221;.<\/p>","protected":false},"excerpt":{"rendered":"<p>Investigadores e jornalistas descobriram o que parecem ser evid\u00eancias do assassinato deliberado de civis em Bucha, uma cidade em Kiev<\/p>","protected":false},"author":3,"featured_media":8566,"comment_status":"open","ping_status":"open","sticky":false,"template":"","format":"standard","meta":{"_crdt_document":"","footnotes":""},"categories":[2],"tags":[],"class_list":["post-8565","post","type-post","status-publish","format-standard","has-post-thumbnail","hentry","category-internacional"],"brizy_media":[],"_links":{"self":[{"href":"http:\/\/jornalcorporativo.com.br\/en\/wp-json\/wp\/v2\/posts\/8565","targetHints":{"allow":["GET"]}}],"collection":[{"href":"http:\/\/jornalcorporativo.com.br\/en\/wp-json\/wp\/v2\/posts"}],"about":[{"href":"http:\/\/jornalcorporativo.com.br\/en\/wp-json\/wp\/v2\/types\/post"}],"author":[{"embeddable":true,"href":"http:\/\/jornalcorporativo.com.br\/en\/wp-json\/wp\/v2\/users\/3"}],"replies":[{"embeddable":true,"href":"http:\/\/jornalcorporativo.com.br\/en\/wp-json\/wp\/v2\/comments?post=8565"}],"version-history":[{"count":0,"href":"http:\/\/jornalcorporativo.com.br\/en\/wp-json\/wp\/v2\/posts\/8565\/revisions"}],"wp:featuredmedia":[{"embeddable":true,"href":"http:\/\/jornalcorporativo.com.br\/en\/wp-json\/wp\/v2\/media\/8566"}],"wp:attachment":[{"href":"http:\/\/jornalcorporativo.com.br\/en\/wp-json\/wp\/v2\/media?parent=8565"}],"wp:term":[{"taxonomy":"category","embeddable":true,"href":"http:\/\/jornalcorporativo.com.br\/en\/wp-json\/wp\/v2\/categories?post=8565"},{"taxonomy":"post_tag","embeddable":true,"href":"http:\/\/jornalcorporativo.com.br\/en\/wp-json\/wp\/v2\/tags?post=8565"}],"curies":[{"name":"wp","href":"https:\/\/api.w.org\/{rel}","templated":true}]}}