{"id":9570,"date":"2022-06-06T15:09:45","date_gmt":"2022-06-06T18:09:45","guid":{"rendered":"https:\/\/jornalcorporativo.com.br\/?p=9570"},"modified":"2022-06-06T15:09:48","modified_gmt":"2022-06-06T18:09:48","slug":"podio-que-nao-vinha-ha-nove-anos-na-ginastica-ritmica-e-destaque-do-esporte-brasileiro","status":"publish","type":"post","link":"http:\/\/jornalcorporativo.com.br\/en\/esportes\/podio-que-nao-vinha-ha-nove-anos-na-ginastica-ritmica-e-destaque-do-esporte-brasileiro\/","title":{"rendered":"P\u00f3dio que n\u00e3o vinha h\u00e1 nove anos na gin\u00e1stica r\u00edtmica \u00e9 destaque do esporte brasileiro"},"content":{"rendered":"<p class=\"wp-block-paragraph\">A sele\u00e7\u00e3o feminina de gin\u00e1stica r\u00edtmica conquistou, no fim de semana que passou, a medalha de bronze na prova mista da Copa do Mundo da It\u00e1lia, voltando ao p\u00f3dio dessa competi\u00e7\u00e3o depois de nove anos, conseguindo derrotar pa\u00edses que estiveram na \u00faltima final ol\u00edmpica, como China, Ucr\u00e2nia e Jap\u00e3o. Al\u00e9m disso, o pa\u00eds conseguiu grandes resultados em outras modalidades, mantendo o embalo de medalhas em diversos esportes.<\/p>\n\n\n\n<p class=\"wp-block-paragraph\">MEDALHA NA GIN\u00c1STICA R\u00cdTMICA<br>A sele\u00e7\u00e3o brasileira de gin\u00e1stica r\u00edtmica conquistou a medalha de bronze na prova mista da etapa da It\u00e1lia da Copa do Mundo, ao terminar a apresenta\u00e7\u00e3o com a nota de 28,650, atr\u00e1s somente das medalhistas ol\u00edmpicas It\u00e1lia e Bulg\u00e1ria. A s\u00e9rie mista do Brasil foi ao som de uma vers\u00e3o rock da trilha do filme \u201cAs Luzes da Ribalta\u201d de Charles Chaplin. O time foi formado por B\u00e1rbara Galv\u00e3o, Duda Arakaki, D\u00e9borah Medrado, Giovana Silva e Nicole Pircio. Na disputa dos cinco aros, a sele\u00e7\u00e3o ficou em oitavo lugar.<\/p>\n\n\n\n<p class=\"wp-block-paragraph\">QUATRO P\u00d3DIOS NO JUD\u00d4<br>A sele\u00e7\u00e3o brasileira conquistou quatro medalhas no Grand Slam de Tibilisi, na Ge\u00f3rgia, que contou pontos para o ranking mundial. Mayra Aguiar perdeu s\u00f3 pra campe\u00e3 mundial e foi prata no peso at\u00e9 78kg, subindo para s\u00e9timo no ranking mundial, enquanto Ketleyn Quadros tamb\u00e9m foi vice na categoria at\u00e9 63kg. Rafaela Silva foi bronze at\u00e9 57kg e voltou ao top 10 do ranking mundial, enquanto Tamires Crude foi bronze at\u00e9 63kg.<br>TR\u00caS P\u00d3DIOS NA PRAIA<br>Na \u00faltima competi\u00e7\u00e3o antes do Campeonato Mundial, que come\u00e7a na sexta-feira, o Brasil conquistou tr\u00eas medalhas na etapa da Let\u00f4nia do Circuito Mundial. B\u00e1rbara e Carol ficaram com a medalha de prata ap\u00f3s perderem a decis\u00e3o para Sarah Pavan e Melissa Paredes, do Canad\u00e1, enquanto Ana Patr\u00edcia e Duda foram bronze. No masculino, medalha de bronze para Andr\u00e9 e George.<\/p>\n\n\n\n<p class=\"wp-block-paragraph\">OURO NO ATLETISMO<br>Na reta final da prepara\u00e7\u00e3o para o Campeonato Mundial, que ser\u00e1 em julho, Rafael Pereira conquistou a medalha de ouro nos 110m com barreiras no Janusz Kusocinski Memorial, na Pol\u00f4nia, com o tempo de 13s28, que o coloca entre os dez primeiros do ranking mundial.<\/p>","protected":false},"excerpt":{"rendered":"<p>Sele\u00e7\u00e3o brasileira conquista bronze na Copa do Mundo na It\u00e1lia de gin\u00e1stica r\u00edtmica e vai ao p\u00f3dio em outras modalidades<\/p>","protected":false},"author":3,"featured_media":9571,"comment_status":"open","ping_status":"open","sticky":false,"template":"","format":"standard","meta":{"_crdt_document":"","footnotes":""},"categories":[6],"tags":[],"class_list":["post-9570","post","type-post","status-publish","format-standard","has-post-thumbnail","hentry","category-esportes"],"brizy_media":[],"_links":{"self":[{"href":"http:\/\/jornalcorporativo.com.br\/en\/wp-json\/wp\/v2\/posts\/9570","targetHints":{"allow":["GET"]}}],"collection":[{"href":"http:\/\/jornalcorporativo.com.br\/en\/wp-json\/wp\/v2\/posts"}],"about":[{"href":"http:\/\/jornalcorporativo.com.br\/en\/wp-json\/wp\/v2\/types\/post"}],"author":[{"embeddable":true,"href":"http:\/\/jornalcorporativo.com.br\/en\/wp-json\/wp\/v2\/users\/3"}],"replies":[{"embeddable":true,"href":"http:\/\/jornalcorporativo.com.br\/en\/wp-json\/wp\/v2\/comments?post=9570"}],"version-history":[{"count":0,"href":"http:\/\/jornalcorporativo.com.br\/en\/wp-json\/wp\/v2\/posts\/9570\/revisions"}],"wp:featuredmedia":[{"embeddable":true,"href":"http:\/\/jornalcorporativo.com.br\/en\/wp-json\/wp\/v2\/media\/9571"}],"wp:attachment":[{"href":"http:\/\/jornalcorporativo.com.br\/en\/wp-json\/wp\/v2\/media?parent=9570"}],"wp:term":[{"taxonomy":"category","embeddable":true,"href":"http:\/\/jornalcorporativo.com.br\/en\/wp-json\/wp\/v2\/categories?post=9570"},{"taxonomy":"post_tag","embeddable":true,"href":"http:\/\/jornalcorporativo.com.br\/en\/wp-json\/wp\/v2\/tags?post=9570"}],"curies":[{"name":"wp","href":"https:\/\/api.w.org\/{rel}","templated":true}]}}