{"id":10004,"date":"2022-07-05T14:53:05","date_gmt":"2022-07-05T17:53:05","guid":{"rendered":"https:\/\/jornalcorporativo.com.br\/?p=10004"},"modified":"2022-07-05T14:53:10","modified_gmt":"2022-07-05T17:53:10","slug":"pacheco-diz-que-vai-abrir-caminho-para-cpis-mas-lideres-querem-funcionamento-depois-das-eleicoes","status":"publish","type":"post","link":"https:\/\/jornalcorporativo.com.br\/en\/politica\/pacheco-diz-que-vai-abrir-caminho-para-cpis-mas-lideres-querem-funcionamento-depois-das-eleicoes\/","title":{"rendered":"Pacheco diz que vai abrir caminho para CPIs, mas l\u00edderes querem funcionamento depois das elei\u00e7\u00f5es"},"content":{"rendered":"\n<p class=\"wp-block-paragraph\">O presidente do Senado, Rodrigo Pacheco (PSD-MG), afirmou nesta ter\u00e7a-feira (5) que decidiu abrir caminho para o funcionamento de tr\u00eas CPIs, entre elas a do MEC. Mas ressaltou que l\u00edderes da Casa s\u00f3 querem a instala\u00e7\u00e3o das comiss\u00f5es ap\u00f3s as elei\u00e7\u00f5es.<br>Pacheco se reuniu com l\u00edderes do Senado para tratar das CPIs. A oposi\u00e7\u00e3o vem pressionando pela instala\u00e7\u00e3o da CPI do MEC, que investigar\u00e1 den\u00fancias de corrup\u00e7\u00e3o na pasta durante a gest\u00e3o do ex-ministro Milton Ribeiro.<\/p>\n\n\n\n<p class=\"wp-block-paragraph\">Em rea\u00e7\u00e3o, os senadores governistas come\u00e7aram a defender a cria\u00e7\u00e3o de outras CPIs que eles j\u00e1 haviam articulado. Uma delas \u00e9 para investigar o crime organizado e o narcotr\u00e1fico.<br>Pacheco disse que vai ler o requerimentos das CPIs no plen\u00e1rio. Essa \u00e9 uma etapa para que as comiss\u00f5es possam ser instaladas. Agora, caber\u00e1 aos partidos indicar membros para as comiss\u00f5es. A instala\u00e7\u00e3o de fato (quando os trabalhos come\u00e7am) n\u00e3o tem data para ocorrer.<br>&#8220;O Senado, integralmente, reconhece a import\u00e2ncia das CPIs para investigar il\u00edcitos no MEC, desmatamento ilegal na Amaz\u00f4nia, crime organizado e narcotr\u00e1fico. Os requerimentos ser\u00e3o lidos em plen\u00e1rio por dever constitucional e quest\u00f5es procedimentais ser\u00e3o decididas&#8221;, escreveu Pacheco no Twitter ap\u00f3s a reuni\u00e3o.<br>&#8220;Por\u00e9m, a ampla maioria dos l\u00edderes entende que a instala\u00e7\u00e3o de todas elas deve acontecer ap\u00f3s o per\u00edodo eleitoral, permitindo-se a participa\u00e7\u00e3o de todos os senadores e evitando-se a contamina\u00e7\u00e3o das investiga\u00e7\u00f5es pelo processo eleitoral&#8221;, completou o presidente do Senado.<\/p>\n\n\n\n<p class=\"wp-block-paragraph\">Em outra frente, o governo tenta convencer l\u00edderes partid\u00e1rios a postergar o in\u00edcio da CPI do MEC, para evitar mais desgaste \u00e0 imagem de Bolsonaro durante a campanha. A estrat\u00e9gia dos governistas vai ser demorar a indicar membros para a comiss\u00e3o e, assim, atrapalhar impedir o qu\u00f3rum para abertura dos trabalhos.<\/p>\n\n\n\n<p class=\"wp-block-paragraph\">Oposi\u00e7\u00e3o reclama<br>A ideia de adiar o in\u00edcio da comiss\u00e3o de inqu\u00e9rito para depois das elei\u00e7\u00f5es causou descontentamento na oposi\u00e7\u00e3o.<br>Autor do pedido de cria\u00e7\u00e3o da CPI do MEC, o senador Randolfe Rodrigues (Rede-AP) disse que se retirou da reuni\u00e3o com os senadores e Pacheco. Segundo ele, no encontro estavam querendo \u201cacertar ju\u00edzo de conveni\u00eancia e oportunidade\u201d para a instala\u00e7\u00e3o da comiss\u00e3o de inqu\u00e9rito.<br>\u201cN\u00e3o cabe ao col\u00e9gio de l\u00edderes fazer isso. O presidente tem que ler [o requerimento da CPI] e instalar\u201d, afirmou Randolfe.<\/p>\n","protected":false},"excerpt":{"rendered":"<p>Presidente do Senado se reuniu com l\u00edderes da Casa para discutir como e quando dever\u00e3o ser instaladas as comiss\u00f5es<\/p>","protected":false},"author":3,"featured_media":10005,"comment_status":"open","ping_status":"open","sticky":false,"template":"","format":"standard","meta":{"_crdt_document":"","footnotes":""},"categories":[7],"tags":[],"class_list":["post-10004","post","type-post","status-publish","format-standard","has-post-thumbnail","hentry","category-politica"],"brizy_media":[],"_links":{"self":[{"href":"https:\/\/jornalcorporativo.com.br\/en\/wp-json\/wp\/v2\/posts\/10004","targetHints":{"allow":["GET"]}}],"collection":[{"href":"https:\/\/jornalcorporativo.com.br\/en\/wp-json\/wp\/v2\/posts"}],"about":[{"href":"https:\/\/jornalcorporativo.com.br\/en\/wp-json\/wp\/v2\/types\/post"}],"author":[{"embeddable":true,"href":"https:\/\/jornalcorporativo.com.br\/en\/wp-json\/wp\/v2\/users\/3"}],"replies":[{"embeddable":true,"href":"https:\/\/jornalcorporativo.com.br\/en\/wp-json\/wp\/v2\/comments?post=10004"}],"version-history":[{"count":0,"href":"https:\/\/jornalcorporativo.com.br\/en\/wp-json\/wp\/v2\/posts\/10004\/revisions"}],"wp:featuredmedia":[{"embeddable":true,"href":"https:\/\/jornalcorporativo.com.br\/en\/wp-json\/wp\/v2\/media\/10005"}],"wp:attachment":[{"href":"https:\/\/jornalcorporativo.com.br\/en\/wp-json\/wp\/v2\/media?parent=10004"}],"wp:term":[{"taxonomy":"category","embeddable":true,"href":"https:\/\/jornalcorporativo.com.br\/en\/wp-json\/wp\/v2\/categories?post=10004"},{"taxonomy":"post_tag","embeddable":true,"href":"https:\/\/jornalcorporativo.com.br\/en\/wp-json\/wp\/v2\/tags?post=10004"}],"curies":[{"name":"wp","href":"https:\/\/api.w.org\/{rel}","templated":true}]}}