{"id":10155,"date":"2022-07-19T16:54:19","date_gmt":"2022-07-19T19:54:19","guid":{"rendered":"https:\/\/jornalcorporativo.com.br\/?p=10155"},"modified":"2022-07-19T16:54:22","modified_gmt":"2022-07-19T19:54:22","slug":"calor-na-europa-ja-matou-mais-de-mil-pessoas","status":"publish","type":"post","link":"https:\/\/jornalcorporativo.com.br\/en\/internacional\/calor-na-europa-ja-matou-mais-de-mil-pessoas\/","title":{"rendered":"Calor na Europa j\u00e1 matou mais de mil pessoas"},"content":{"rendered":"<p class=\"wp-block-paragraph\">Desde o in\u00edcio da onda de calor que atinge a Europa no ver\u00e3o do continente em 2022, mais de 1000 pessoas j\u00e1 morreram em decorr\u00eancia das altas temperaturas, segundo \u00f3rg\u00e3os de sa\u00fade da Espanha e de Portugal.<br>Na Fran\u00e7a, inc\u00eandios queimaram parte das florestas do sul do pa\u00eds, e dezenas de pessoas tiveram que deixar suas casa.<\/p>\n\n\n\n<p class=\"wp-block-paragraph\">Mas os pa\u00edses mais atingidos pelo calor at\u00e9 agora s\u00e3o Portugal e Espanha. Ambos os pa\u00edses sofrem com inc\u00eandios florestais em diferentes pontos de seus territ\u00f3rios.<\/p>\n\n\n\n<p class=\"wp-block-paragraph\">Reino Unido bate recorde<br>O Reino Unido chegou nesta ter\u00e7a-feira (19) \u00e0 maior temperatura da sua hist\u00f3ria, em meio a uma das piores ondas de calor na Europa na \u00faltima d\u00e9cada que especialistas associam ao aquecimento global. Os term\u00f4metros nos arredores do aeroporto de Heathrow, em Londres, marcaram 40,2\u00b0C.<br>O servi\u00e7o nacional de meteorologia do pa\u00eds, o Met Office, confirmou que a temperatura \u00e9 a maior desde que o in\u00edcio das medi\u00e7\u00f5es no Reino Unido. O chefe de ci\u00eancia e tecnologia do Met Office, Stephen Belcher, associou o recorde ao aquecimento global e afirmou que, em outro caso, seria virtualmente imposs\u00edvel que o pa\u00eds chegasse a 40\u00baC.<br>&#8220;Para mim, (o recorde) \u00e9 um lembrete real de que o clima mudou e vai continuar a mudar. Pesquisas do Servi\u00e7o de Meteorologia mostram que, em tempos normais, seria virtualmente imposs\u00edvel que o Reino Unido alcan\u00e7asse a temperatura de 40\u00baC&#8221;, declarou.<br>Por causa das altas temperaturas, inc\u00eandios come\u00e7aram a ser registrados em Londres, atingindo rodovias e \u00e1reas residenciais, e o prefeito, Sadiq Kahn, afirmou que h\u00e1 diversos focos de inc\u00eandio nos arredores da capital brit\u00e2nica.<\/p>\n\n\n\n<p class=\"wp-block-paragraph\">Como ao longo do dia as temperaturas ainda devem subir, o recorde est\u00e1 sendo considerado tempor\u00e1rio. Mais cedo, as temperaturas j\u00e1 haviam atingido a maior temperatura at\u00e9 ent\u00e3o registrada na hist\u00f3ria do pa\u00eds, de 39,1\u00baC na cidade de Charlwood, no sul.<br>A onda de calor que tem atingido a Europa nos \u00faltimos dias est\u00e1 seguindo para o norte do continente, uma regi\u00e3o tipicamente mais fria, e onde o ar-condicionado \u00e9 um item raro, al\u00e9m de os pr\u00e9dios serem constru\u00eddos para reter o calor.<\/p>","protected":false},"excerpt":{"rendered":"<p>Com pr\u00e9via de 40,2\u00b0C, Reino Unido bate recorde na hist\u00f3ria do pa\u00eds em meio a onda de calor. Temperatura era prevista para 2050<\/p>","protected":false},"author":3,"featured_media":10156,"comment_status":"open","ping_status":"open","sticky":false,"template":"","format":"standard","meta":{"_crdt_document":"","footnotes":""},"categories":[2],"tags":[],"class_list":["post-10155","post","type-post","status-publish","format-standard","has-post-thumbnail","hentry","category-internacional"],"brizy_media":[],"_links":{"self":[{"href":"https:\/\/jornalcorporativo.com.br\/en\/wp-json\/wp\/v2\/posts\/10155","targetHints":{"allow":["GET"]}}],"collection":[{"href":"https:\/\/jornalcorporativo.com.br\/en\/wp-json\/wp\/v2\/posts"}],"about":[{"href":"https:\/\/jornalcorporativo.com.br\/en\/wp-json\/wp\/v2\/types\/post"}],"author":[{"embeddable":true,"href":"https:\/\/jornalcorporativo.com.br\/en\/wp-json\/wp\/v2\/users\/3"}],"replies":[{"embeddable":true,"href":"https:\/\/jornalcorporativo.com.br\/en\/wp-json\/wp\/v2\/comments?post=10155"}],"version-history":[{"count":0,"href":"https:\/\/jornalcorporativo.com.br\/en\/wp-json\/wp\/v2\/posts\/10155\/revisions"}],"wp:featuredmedia":[{"embeddable":true,"href":"https:\/\/jornalcorporativo.com.br\/en\/wp-json\/wp\/v2\/media\/10156"}],"wp:attachment":[{"href":"https:\/\/jornalcorporativo.com.br\/en\/wp-json\/wp\/v2\/media?parent=10155"}],"wp:term":[{"taxonomy":"category","embeddable":true,"href":"https:\/\/jornalcorporativo.com.br\/en\/wp-json\/wp\/v2\/categories?post=10155"},{"taxonomy":"post_tag","embeddable":true,"href":"https:\/\/jornalcorporativo.com.br\/en\/wp-json\/wp\/v2\/tags?post=10155"}],"curies":[{"name":"wp","href":"https:\/\/api.w.org\/{rel}","templated":true}]}}