{"id":10159,"date":"2022-07-19T16:54:50","date_gmt":"2022-07-19T19:54:50","guid":{"rendered":"https:\/\/jornalcorporativo.com.br\/?p=10159"},"modified":"2022-07-19T16:54:53","modified_gmt":"2022-07-19T19:54:53","slug":"deputados-pedem-ao-stf-investigacao-de-bolsonaro-por-ataque-ao-sistema-eleitoral","status":"publish","type":"post","link":"https:\/\/jornalcorporativo.com.br\/en\/politica\/deputados-pedem-ao-stf-investigacao-de-bolsonaro-por-ataque-ao-sistema-eleitoral\/","title":{"rendered":"Deputados pedem ao STF investiga\u00e7\u00e3o de Bolsonaro por ataque ao sistema eleitoral"},"content":{"rendered":"<p class=\"wp-block-paragraph\">Deputados de oposi\u00e7\u00e3o pediram nesta ter\u00e7a-feira (19) para o Supremo Tribunal Federal (STF) autorizar investiga\u00e7\u00e3o de Jair Bolsonaro em raz\u00e3o da reuni\u00e3o com embaixadores estrangeiros na qual o presidente atacou, sem provas, o sistema eleitoral do pa\u00eds.<br>Eles alegam que o presidente cometeu improbidade administrativa, propaganda eleitoral antecipada, abuso de poder pol\u00edtico e econ\u00f4mico e crime contra o Estado Democr\u00e1tico.<\/p>\n\n\n\n<p class=\"wp-block-paragraph\">Caber\u00e1 \u00e0 Procuradoria-Geral da Rep\u00fablica (PGR) definir se h\u00e1 elementos para fazer uma den\u00fancia formal contra Bolsonaro. Ao Minist\u00e9rio P\u00fablico Eleitoral, cabe definir se apresenta den\u00fancia por crime eleitoral.<br>A reuni\u00e3o, realizada na segunda (18), foi uma iniciativa de Bolsonaro. Na resid\u00eancia oficial do Pal\u00e1cio da Alvorada, diante de representantes diplom\u00e1ticos de outros pa\u00edses, ele repetiu suspeitas sem fundamento e j\u00e1 desmentidas sobre as urnas eletr\u00f4nicas e o sistema eleitoral do Brasil.<\/p>\n\n\n\n<p class=\"wp-block-paragraph\">O presidente baseou a apresenta\u00e7\u00e3o em um inqu\u00e9rito aberto pela Pol\u00edcia Federal em 2018, com autoriza\u00e7\u00e3o do STF, sobre a invas\u00e3o de um hacker ao sistema do Tribunal Superior Eleitoral (TSE). O TSE j\u00e1 informou, por diversas vezes, que esse acesso foi bloqueado e n\u00e3o interferiu em qualquer resultado.<br>Na a\u00e7\u00e3o enviada ao STF, os parlamentares afirmam que Bolsonaro usou o cargo de presidente da Rep\u00fablica para abalar a ordem democr\u00e1tica.<\/p>\n\n\n\n<p class=\"wp-block-paragraph\">&#8220;N\u00e3o pode o representado usar do cargo de Presidente da Rep\u00fablica para subverter e atacar a ordem democr\u00e1tica, buscando criar verdadeiro caos no Pa\u00eds e desestabilizar as institui\u00e7\u00f5es p\u00fablicas&#8221;, diz o texto da representa\u00e7\u00e3o encaminhada ao tribunal.<br>Eles chamaram a ofensiva de Bolsonaro contra as urnas de um \u201cdespropositado e absolutamente infundado ataque ao sistema eletr\u00f4nico de vota\u00e7\u00e3o adotado no pa\u00eds\u201d.<\/p>\n\n\n\n<p class=\"wp-block-paragraph\">Os parlamentares argumentaram que Bolsonaro utilizou recursos p\u00fablicos, como a estrutura do Pal\u00e1cio da Alvorada e da TV Brasil (a fala dele foi transmitida ao vivo), em proveito pr\u00f3prio.<br>&#8220;Devendo responder por ato de improbidade administrativa ao fazer uso direto e indevido, em proveito pr\u00f3prio, \u00e0 luz do dia, de bens p\u00fablicos como a estrutura da Presid\u00eancia da Rep\u00fablica e divulga\u00e7\u00e3o pela TV Brasil, e por fazer propaganda eleitoral antecipada, cometendo ainda abuso do poder pol\u00edtico e econ\u00f4mico e crime eleitoral, agindo de maneira indigna como presidente da Rep\u00fablica&#8221;, afirma a a\u00e7\u00e3o.<\/p>","protected":false},"excerpt":{"rendered":"<p>Parlamentares alegam que o presidente cometeu improbidade administrativa e propaganda eleitoral antecipada<\/p>","protected":false},"author":3,"featured_media":10160,"comment_status":"open","ping_status":"open","sticky":false,"template":"","format":"standard","meta":{"_crdt_document":"","footnotes":""},"categories":[7],"tags":[],"class_list":["post-10159","post","type-post","status-publish","format-standard","has-post-thumbnail","hentry","category-politica"],"brizy_media":[],"_links":{"self":[{"href":"https:\/\/jornalcorporativo.com.br\/en\/wp-json\/wp\/v2\/posts\/10159","targetHints":{"allow":["GET"]}}],"collection":[{"href":"https:\/\/jornalcorporativo.com.br\/en\/wp-json\/wp\/v2\/posts"}],"about":[{"href":"https:\/\/jornalcorporativo.com.br\/en\/wp-json\/wp\/v2\/types\/post"}],"author":[{"embeddable":true,"href":"https:\/\/jornalcorporativo.com.br\/en\/wp-json\/wp\/v2\/users\/3"}],"replies":[{"embeddable":true,"href":"https:\/\/jornalcorporativo.com.br\/en\/wp-json\/wp\/v2\/comments?post=10159"}],"version-history":[{"count":0,"href":"https:\/\/jornalcorporativo.com.br\/en\/wp-json\/wp\/v2\/posts\/10159\/revisions"}],"wp:featuredmedia":[{"embeddable":true,"href":"https:\/\/jornalcorporativo.com.br\/en\/wp-json\/wp\/v2\/media\/10160"}],"wp:attachment":[{"href":"https:\/\/jornalcorporativo.com.br\/en\/wp-json\/wp\/v2\/media?parent=10159"}],"wp:term":[{"taxonomy":"category","embeddable":true,"href":"https:\/\/jornalcorporativo.com.br\/en\/wp-json\/wp\/v2\/categories?post=10159"},{"taxonomy":"post_tag","embeddable":true,"href":"https:\/\/jornalcorporativo.com.br\/en\/wp-json\/wp\/v2\/tags?post=10159"}],"curies":[{"name":"wp","href":"https:\/\/api.w.org\/{rel}","templated":true}]}}