{"id":10163,"date":"2022-07-19T16:56:45","date_gmt":"2022-07-19T19:56:45","guid":{"rendered":"https:\/\/jornalcorporativo.com.br\/?p=10163"},"modified":"2022-07-19T16:56:48","modified_gmt":"2022-07-19T19:56:48","slug":"eleitores-com-deficiencia-ou-mobilidade-reduzida-podem-transferir-local-de-votacao","status":"publish","type":"post","link":"https:\/\/jornalcorporativo.com.br\/en\/brasil\/eleitores-com-deficiencia-ou-mobilidade-reduzida-podem-transferir-local-de-votacao\/","title":{"rendered":"Eleitores com defici\u00eancia ou mobilidade reduzida podem transferir local de vota\u00e7\u00e3o"},"content":{"rendered":"<p class=\"wp-block-paragraph\">A partir desta segunda-feira (18), os eleitores com defici\u00eancia ou mobilidade reduzida poder\u00e3o pedir \u00e0 Justi\u00e7a Eleitoral transfer\u00eancia para votar em outra se\u00e7\u00e3o ou local de vota\u00e7\u00e3o da sua circunscri\u00e7\u00e3o sem barreiras arquitet\u00f4nicas. Os pedidos podem ser feitos at\u00e9 18 de agosto.<\/p>\n\n\n\n<p class=\"wp-block-paragraph\">O mesmo prazo serve para o eleitor que for acometido de algum impedimento f\u00edsico moment\u00e2neo, que dificulte seu acesso \u00e0 urna eletr\u00f4nica.<\/p>\n\n\n\n<p class=\"wp-block-paragraph\">O requerimento deve ser feito em qualquer cart\u00f3rio eleitoral, e o eleitor deve levar um documento oficial com foto. Um curador, apoiador ou procurador, acompanhado de autodeclara\u00e7\u00e3o ou documenta\u00e7\u00e3o comprobat\u00f3ria da defici\u00eancia ou dificuldade de locomo\u00e7\u00e3o, tamb\u00e9m pode fazer a solicita\u00e7\u00e3o.<br>Al\u00e9m disso, o eleitor que souber de antem\u00e3o que n\u00e3o estar\u00e1 no seu domic\u00edlio eleitoral no 1\u00ba e\/ou no 2\u00ba turno da elei\u00e7\u00e3o, poder\u00e1 solicitar habilita\u00e7\u00e3o para votar em tr\u00e2nsito nas capitais ou nos munic\u00edpios com mais de 100 mil eleitores. Para fazer a solicita\u00e7\u00e3o, \u00e9 necess\u00e1rio comparecer em qualquer cart\u00f3rio eleitoral ou central de atendimento ao eleitor, apresentando documento oficial com foto.<\/p>\n\n\n\n<p class=\"wp-block-paragraph\">Confira as regras<br>O local de vota\u00e7\u00e3o pode ser transferido temporariamente para se\u00e7\u00e3o distinta da se\u00e7\u00e3o de origem para os seguintes eleitores:<br>pessoas que se encontrarem fora da unidade da Federa\u00e7\u00e3o de seu domic\u00edlio eleitoral poder\u00e3o votar em tr\u00e2nsito apenas na elei\u00e7\u00e3o para presidente da Rep\u00fablica;<br>as pessoas que se encontrarem em tr\u00e2nsito dentro da unidade da Federa\u00e7\u00e3o de seu domic\u00edlio eleitoral poder\u00e3o votar nas elei\u00e7\u00f5es para presidente da Rep\u00fablica, governador, senador, deputado federal e deputado estadual; e<br>as pessoas inscritas no exterior, que estiverem em tr\u00e2nsito no territ\u00f3rio nacional, poder\u00e3o votar apenas na elei\u00e7\u00e3o para presidente da Rep\u00fablica.<br>N\u00e3o ser\u00e1 permitida a transfer\u00eancia tempor\u00e1ria para mesas receptoras de votos instaladas no exterior.<\/p>\n\n\n\n<p class=\"wp-block-paragraph\">Havendo instala\u00e7\u00e3o de se\u00e7\u00f5es eleitorais em estabelecimentos penais e em unidades de interna\u00e7\u00e3o de adolescentes custodiados(as), ser\u00e1 assegurada, \u00e0s agentes e aos agentes penitenci\u00e1rios(as), \u00e0s pol\u00edcias penais e \u00e0s(aos) demais servidoras e servidores desses estabelecimentos, a transfer\u00eancia tempor\u00e1ria para o exerc\u00edcio do voto.<\/p>","protected":false},"excerpt":{"rendered":"<p>Os pedidos podem ser feitos at\u00e9 18 de agosto. O mesmo prazo serve para quem for acometido de algum impedimento f\u00edsico moment\u00e2neo<\/p>","protected":false},"author":3,"featured_media":10164,"comment_status":"open","ping_status":"open","sticky":false,"template":"","format":"standard","meta":{"_crdt_document":"","footnotes":""},"categories":[36],"tags":[],"class_list":["post-10163","post","type-post","status-publish","format-standard","has-post-thumbnail","hentry","category-brasil"],"brizy_media":[],"_links":{"self":[{"href":"https:\/\/jornalcorporativo.com.br\/en\/wp-json\/wp\/v2\/posts\/10163","targetHints":{"allow":["GET"]}}],"collection":[{"href":"https:\/\/jornalcorporativo.com.br\/en\/wp-json\/wp\/v2\/posts"}],"about":[{"href":"https:\/\/jornalcorporativo.com.br\/en\/wp-json\/wp\/v2\/types\/post"}],"author":[{"embeddable":true,"href":"https:\/\/jornalcorporativo.com.br\/en\/wp-json\/wp\/v2\/users\/3"}],"replies":[{"embeddable":true,"href":"https:\/\/jornalcorporativo.com.br\/en\/wp-json\/wp\/v2\/comments?post=10163"}],"version-history":[{"count":0,"href":"https:\/\/jornalcorporativo.com.br\/en\/wp-json\/wp\/v2\/posts\/10163\/revisions"}],"wp:featuredmedia":[{"embeddable":true,"href":"https:\/\/jornalcorporativo.com.br\/en\/wp-json\/wp\/v2\/media\/10164"}],"wp:attachment":[{"href":"https:\/\/jornalcorporativo.com.br\/en\/wp-json\/wp\/v2\/media?parent=10163"}],"wp:term":[{"taxonomy":"category","embeddable":true,"href":"https:\/\/jornalcorporativo.com.br\/en\/wp-json\/wp\/v2\/categories?post=10163"},{"taxonomy":"post_tag","embeddable":true,"href":"https:\/\/jornalcorporativo.com.br\/en\/wp-json\/wp\/v2\/tags?post=10163"}],"curies":[{"name":"wp","href":"https:\/\/api.w.org\/{rel}","templated":true}]}}