{"id":10208,"date":"2022-07-26T14:40:45","date_gmt":"2022-07-26T17:40:45","guid":{"rendered":"https:\/\/jornalcorporativo.com.br\/?p=10208"},"modified":"2022-07-26T14:40:48","modified_gmt":"2022-07-26T17:40:48","slug":"ocorreram-erros-absurdos-diz-chefe-da-arbitragem-da-cbf","status":"publish","type":"post","link":"https:\/\/jornalcorporativo.com.br\/en\/esportes\/ocorreram-erros-absurdos-diz-chefe-da-arbitragem-da-cbf\/","title":{"rendered":"&#8220;Ocorreram erros absurdos&#8221;, diz chefe da arbitragem da CBF"},"content":{"rendered":"<p class=\"wp-block-paragraph\">O presidente da Comiss\u00e3o de Arbitragem da CBF, Wilson Seneme, reconheceu nesta ter\u00e7a-feira que &#8220;ocorreram erros absurdos&#8221; no primeiro turno do Campeonato Brasileiro. A afirma\u00e7\u00e3o foi feita numa apresenta\u00e7\u00e3o no audit\u00f3rio da CBF para uma plateia formada por presidentes dos clubes das S\u00e9rie A e B.<\/p>\n\n\n\n<p class=\"wp-block-paragraph\">\u2013 Eu, como presidente da comiss\u00e3o de arbitragem, assumo isso e lembro aos \u00e1rbitros em toda a reuni\u00e3o que estamos no momento de divis\u00e3o de \u00e1guas, para prestar o melhor servi\u00e7o a voc\u00eas \u2013 afirmou Seneme.<\/p>\n\n\n\n<p class=\"wp-block-paragraph\">Minutos antes, o presidente da CBF, Ednaldo Rodrigues, havia feito um discurso com o mesmo teor. O dirigente afirmou que costuma cobrar Seneme durante os jogos, sobretudo a respeito de decis\u00f5es tomadas pelo VAR.<br>Seneme se guiou no exemplo da Conmebol, onde era chefe de arbitragem, e disse que vai implementar mudan\u00e7as. Disse aos dirigentes que encara o in\u00edcio como nova administra\u00e7\u00e3o, tal qual cada um passa em seus clubes.<\/p>\n\n\n\n<p class=\"wp-block-paragraph\">\u2013 Ocorreram erros absurdos, sim. Muitos ocorrem. Inclusive, s\u00e3o inaceit\u00e1veis para voc\u00eas, para n\u00f3s e para o futebol. Na Conmebol, esse per\u00edodo serviu como um divisor de \u00e1guas. Essa reuni\u00e3o nossa aqui eu espero e tenho como objetivo que seja um divisor de \u00e1guas tamb\u00e9m para a arbitragem brasileira. Os equ\u00edvocos que ocorreram no primeiro turno, uns s\u00e3o de interpreta\u00e7\u00e3o, que, com os \u00e1rbitros afastados ou n\u00e3o, podem ocorrer. Outros s\u00e3o inaceit\u00e1veis e t\u00eam que servir como divisor de \u00e1guas \u2013 disse Seneme.<br>Pacote de medidas<br>A CBF anunciou que vai fazer, na semana que vem, uma intertemporada presencial. Entre 1\u00ba e 5 de agosto, 95 \u00e1rbitros v\u00e3o receber treinamento no Rio de Janeiro, em tr\u00eas sedes diferentes. A partir de agosto tamb\u00e9m haver\u00e1 treinamentos pr\u00e1ticos presenciais mensais.<\/p>\n\n\n\n<p class=\"wp-block-paragraph\">A entidade tamb\u00e9m prometeu reduzir para 24 horas \u2013 no caso da S\u00e9rie A \u2013 o prazo para publica\u00e7\u00e3o dos v\u00eddeos com os principais lances de cada jogo. Para a S\u00e9rie B, o prazo ser\u00e1 de 48 horas.<\/p>\n\n\n\n<p class=\"wp-block-paragraph\">Entre as muitas pol\u00eamicas e falhas do VAR neste ano de 2022, a mais recente se deu na partida entre Palmeiras e S\u00e3o Paulo, pela Copa do Brasil. O VAR s\u00f3 checou o lance de p\u00eanalti em Calleri, mas n\u00e3o tra\u00e7ou as linhas para conferir poss\u00edvel impedimento.<\/p>","protected":false},"excerpt":{"rendered":"<p>A entidade prometeu reduzir para 24 horas \u2013 no caso da S\u00e9rie A \u2013 o prazo para publica\u00e7\u00e3o dos v\u00eddeos com os principais lances<\/p>","protected":false},"author":3,"featured_media":10209,"comment_status":"open","ping_status":"open","sticky":false,"template":"","format":"standard","meta":{"_crdt_document":"","footnotes":""},"categories":[6],"tags":[],"class_list":["post-10208","post","type-post","status-publish","format-standard","has-post-thumbnail","hentry","category-esportes"],"brizy_media":[],"_links":{"self":[{"href":"https:\/\/jornalcorporativo.com.br\/en\/wp-json\/wp\/v2\/posts\/10208","targetHints":{"allow":["GET"]}}],"collection":[{"href":"https:\/\/jornalcorporativo.com.br\/en\/wp-json\/wp\/v2\/posts"}],"about":[{"href":"https:\/\/jornalcorporativo.com.br\/en\/wp-json\/wp\/v2\/types\/post"}],"author":[{"embeddable":true,"href":"https:\/\/jornalcorporativo.com.br\/en\/wp-json\/wp\/v2\/users\/3"}],"replies":[{"embeddable":true,"href":"https:\/\/jornalcorporativo.com.br\/en\/wp-json\/wp\/v2\/comments?post=10208"}],"version-history":[{"count":0,"href":"https:\/\/jornalcorporativo.com.br\/en\/wp-json\/wp\/v2\/posts\/10208\/revisions"}],"wp:featuredmedia":[{"embeddable":true,"href":"https:\/\/jornalcorporativo.com.br\/en\/wp-json\/wp\/v2\/media\/10209"}],"wp:attachment":[{"href":"https:\/\/jornalcorporativo.com.br\/en\/wp-json\/wp\/v2\/media?parent=10208"}],"wp:term":[{"taxonomy":"category","embeddable":true,"href":"https:\/\/jornalcorporativo.com.br\/en\/wp-json\/wp\/v2\/categories?post=10208"},{"taxonomy":"post_tag","embeddable":true,"href":"https:\/\/jornalcorporativo.com.br\/en\/wp-json\/wp\/v2\/tags?post=10208"}],"curies":[{"name":"wp","href":"https:\/\/api.w.org\/{rel}","templated":true}]}}