{"id":10212,"date":"2022-07-26T15:12:10","date_gmt":"2022-07-26T18:12:10","guid":{"rendered":"https:\/\/jornalcorporativo.com.br\/?p=10212"},"modified":"2022-07-26T15:12:13","modified_gmt":"2022-07-26T18:12:13","slug":"por-que-os-efeitos-das-criticas-duram-muito-mais-do-que-os-dos-elogios","status":"publish","type":"post","link":"https:\/\/jornalcorporativo.com.br\/en\/saude-natural\/por-que-os-efeitos-das-criticas-duram-muito-mais-do-que-os-dos-elogios\/","title":{"rendered":"Por que os efeitos das cr\u00edticas duram muito mais do que os dos elogios?"},"content":{"rendered":"<p class=\"wp-block-paragraph\">Na inf\u00e2ncia, muitas vezes somos ensinados a usar a express\u00e3o &#8220;o que vem de baixo n\u00e3o me atinge&#8221;, quando ouvimos um insulto.<br>Mas, com a experi\u00eancia, os adultos entendem que este velho ditado est\u00e1 longe de ser verdade.<br>Enquanto les\u00f5es f\u00edsicas podem levar semanas para cicatrizar, coment\u00e1rios negativos podem deixar cicatrizes para o resto da vida.<\/p>\n\n\n\n<p class=\"wp-block-paragraph\">Seja uma cr\u00edtica feita serenamente por um professor na sala de aula ou um coment\u00e1rio cruel disparado no calor de uma discuss\u00e3o por um amigo ou namorado, tendemos a lembrar muito melhor das cr\u00edticas do que dos coment\u00e1rios positivos.<br>E isso se deve a um fen\u00f4meno chamado vi\u00e9s da negatividade.<\/p>\n\n\n\n<p class=\"wp-block-paragraph\">Efeito duradouro da cr\u00edtica<br>Randy Larsen, professor de ci\u00eancias psicol\u00f3gicas e cerebrais da Universidade de Washington em St Louis, nos EUA, revisou evid\u00eancias sugerindo que as emo\u00e7\u00f5es negativas duram mais do que as felizes.<\/p>\n\n\n\n<p class=\"wp-block-paragraph\">Ele descobriu que tendemos a passar mais tempo pensando em eventos ruins do que bons, o que talvez ajude a explicar por que momentos embara\u00e7osos ou coment\u00e1rios cr\u00edticos podem nos assombrar por anos.<\/p>\n\n\n\n<p class=\"wp-block-paragraph\">Pode ser dif\u00edcil n\u00e3o remoer coment\u00e1rios ofensivos de um namorado, parente ou amigo. &#8220;Acho que os coment\u00e1rios negativos das pessoas que amamos e confiamos t\u00eam mais impacto do que de estranhos&#8221;, diz Baumeister.<br>Isso acontece em parte porque temos expectativas de como nossos amigos e familiares devem se comportar conosco.<\/p>\n\n\n\n<p class=\"wp-block-paragraph\">Em alguns casos, coment\u00e1rios negativos de pessoas que amamos podem provocar feridas mentais duradouras e ressentimentos que podem levar ao rompimento de relacionamentos.<\/p>\n\n\n\n<p class=\"wp-block-paragraph\">Pesquisadores da Universidade de Kentucky, nos EUA, descobriram que as rela\u00e7\u00f5es raramente se salvam quando os parceiros ignoram os problemas da rela\u00e7\u00e3o para permanecer &#8220;passivamente leais&#8221;.<br>&#8220;N\u00e3o s\u00e3o tanto as coisas boas e construtivas que os parceiros fazem ou deixam de fazer um pelo outro que determinam se um relacionamento funciona, mas sim as coisas destrutivas que fazem ou deixam de fazer em rea\u00e7\u00e3o aos problemas&#8221;, afirmaram.<br>Outro estudo, que acompanhou casais por mais de 10 anos, mostrou que o grau com que expressavam sentimentos negativos um pelo outro nos dois primeiros anos de casamento previa se iriam se separar \u2014 com n\u00edveis de negatividade mais altos entre os casais que se divorciavam.<\/p>\n\n\n\n<p class=\"wp-block-paragraph\">O vi\u00e9s da negatividade explica por que muitos de n\u00f3s podemos ser culpados por dar como garantidos nossos relacionamentos quando est\u00e3o indo bem \u2014 mas rapidamente perceber imperfei\u00e7\u00f5es e inclusive transformar quest\u00f5es menores em problemas maiores.<\/p>","protected":false},"excerpt":{"rendered":"<p>A maioria de n\u00f3s est\u00e1 sujeita a insultos e coment\u00e1rios sarc\u00e1sticos \u2014 mas n\u00e3o fomos feitos para lidar com um fluxo de cr\u00edticas<\/p>","protected":false},"author":3,"featured_media":10213,"comment_status":"open","ping_status":"open","sticky":false,"template":"","format":"standard","meta":{"_crdt_document":"","footnotes":""},"categories":[8],"tags":[],"class_list":["post-10212","post","type-post","status-publish","format-standard","has-post-thumbnail","hentry","category-saude-natural"],"brizy_media":[],"_links":{"self":[{"href":"https:\/\/jornalcorporativo.com.br\/en\/wp-json\/wp\/v2\/posts\/10212","targetHints":{"allow":["GET"]}}],"collection":[{"href":"https:\/\/jornalcorporativo.com.br\/en\/wp-json\/wp\/v2\/posts"}],"about":[{"href":"https:\/\/jornalcorporativo.com.br\/en\/wp-json\/wp\/v2\/types\/post"}],"author":[{"embeddable":true,"href":"https:\/\/jornalcorporativo.com.br\/en\/wp-json\/wp\/v2\/users\/3"}],"replies":[{"embeddable":true,"href":"https:\/\/jornalcorporativo.com.br\/en\/wp-json\/wp\/v2\/comments?post=10212"}],"version-history":[{"count":0,"href":"https:\/\/jornalcorporativo.com.br\/en\/wp-json\/wp\/v2\/posts\/10212\/revisions"}],"wp:featuredmedia":[{"embeddable":true,"href":"https:\/\/jornalcorporativo.com.br\/en\/wp-json\/wp\/v2\/media\/10213"}],"wp:attachment":[{"href":"https:\/\/jornalcorporativo.com.br\/en\/wp-json\/wp\/v2\/media?parent=10212"}],"wp:term":[{"taxonomy":"category","embeddable":true,"href":"https:\/\/jornalcorporativo.com.br\/en\/wp-json\/wp\/v2\/categories?post=10212"},{"taxonomy":"post_tag","embeddable":true,"href":"https:\/\/jornalcorporativo.com.br\/en\/wp-json\/wp\/v2\/tags?post=10212"}],"curies":[{"name":"wp","href":"https:\/\/api.w.org\/{rel}","templated":true}]}}