{"id":10216,"date":"2022-07-26T15:34:43","date_gmt":"2022-07-26T18:34:43","guid":{"rendered":"https:\/\/jornalcorporativo.com.br\/?p=10216"},"modified":"2022-07-26T15:34:46","modified_gmt":"2022-07-26T18:34:46","slug":"alemanha-hesita-no-fechamento-definitivo-de-centrais-nucleares","status":"publish","type":"post","link":"https:\/\/jornalcorporativo.com.br\/en\/internacional\/alemanha-hesita-no-fechamento-definitivo-de-centrais-nucleares\/","title":{"rendered":"Alemanha hesita no fechamento definitivo de centrais nucleares"},"content":{"rendered":"<p class=\"wp-block-paragraph\">O governo alem\u00e3o declarou nesta segunda-feira (25) que decidiria &#8220;nas pr\u00f3ximas semanas&#8221; sobre uma poss\u00edvel extens\u00e3o das centrais nucleares, programadas para serem fechadas definitivamente no final do ano, com base em uma nova avalia\u00e7\u00e3o atualmente em andamento.<br>Se o pa\u00eds decidir prolongar a vida \u00fatil de suas tr\u00eas usinas nucleares ainda em funcionamento, isso constituiria uma nova faceta para o setor de energia alem\u00e3o, com um impacto pol\u00edtico muito forte.<\/p>\n\n\n\n<p class=\"wp-block-paragraph\">H\u00e1 algumas semanas, Berlim tamb\u00e9m anunciou que a Alemanha aumentaria o uso do carv\u00e3o em sua cadeia de produ\u00e7\u00e3o energ\u00e9tica &#8211; mat\u00e9ria-prima que dever\u00e1 desaparecer at\u00e9 2030 &#8211; para compensar o decl\u00ednio do fornecimento de g\u00e1s russo.<br>Para tomar uma decis\u00e3o, o governo alem\u00e3o est\u00e1 agora esperando o resultado de &#8220;um teste de estresse em andamento&#8221; para determinar o atual n\u00edvel de seguran\u00e7a das centrais nucleares, informou uma porta-voz do governo.<br>Um primeiro teste em mar\u00e7o concluiu que as tr\u00eas usinas nucleares ainda em funcionamento na Alemanha n\u00e3o eram necess\u00e1rias para garantir a seguran\u00e7a energ\u00e9tica da maior economia da Europa. Atualmente, estas respondem a 6% da produ\u00e7\u00e3o l\u00edquida de energia da Alemanha.<\/p>\n\n\n\n<p class=\"wp-block-paragraph\">O legado Merkel<br>Foi a ex-chanceler conservadora Angela Merkel que, sob press\u00e3o p\u00fablica, engajou a Alemanha em uma retirada da energia nuclear ap\u00f3s o desastre de Fukushima, em 2011.<br>Os ambientalistas, membros da coaliz\u00e3o de governo do chanceler social-democrata Olaf Scholz, h\u00e1 muito v\u00eam argumentando contra qualquer mudan\u00e7a de rumo nesse sentido, pois a luta contra a energia at\u00f4mica tem sido parte do DNA dos Gr\u00fcnen (como s\u00e3o chamados os &#8220;Verdes&#8221; na Alemanha) desde sua cria\u00e7\u00e3o, h\u00e1 mais de 40 anos.<br>Mas, desde o in\u00edcio da guerra na Ucr\u00e2nia, a situa\u00e7\u00e3o energ\u00e9tica do pa\u00eds s\u00f3 tem piorado.<br>O aumento dos custos de energia e o medo de uma escassez de g\u00e1s russo &#8211; a Gazprom anunciou nesta segunda-feira que reduziria o fornecimento para apenas 20% dos n\u00edveis normais atrav\u00e9s do gasoduto Nord Stream &#8211; est\u00e3o levando a pr\u00f3pria fam\u00edlia pol\u00edtica de Merkel a reexaminar o tabu sobre a energia nuclear.<\/p>","protected":false},"excerpt":{"rendered":"<p>Promessa feita na era Merkel, o pa\u00eds havia anunciado o fechamento de todas as usinas nucleares do pa\u00eds no mais tardar at\u00e9 2022<\/p>","protected":false},"author":3,"featured_media":10217,"comment_status":"open","ping_status":"open","sticky":false,"template":"","format":"standard","meta":{"_crdt_document":"","footnotes":""},"categories":[2],"tags":[],"class_list":["post-10216","post","type-post","status-publish","format-standard","has-post-thumbnail","hentry","category-internacional"],"brizy_media":[],"_links":{"self":[{"href":"https:\/\/jornalcorporativo.com.br\/en\/wp-json\/wp\/v2\/posts\/10216","targetHints":{"allow":["GET"]}}],"collection":[{"href":"https:\/\/jornalcorporativo.com.br\/en\/wp-json\/wp\/v2\/posts"}],"about":[{"href":"https:\/\/jornalcorporativo.com.br\/en\/wp-json\/wp\/v2\/types\/post"}],"author":[{"embeddable":true,"href":"https:\/\/jornalcorporativo.com.br\/en\/wp-json\/wp\/v2\/users\/3"}],"replies":[{"embeddable":true,"href":"https:\/\/jornalcorporativo.com.br\/en\/wp-json\/wp\/v2\/comments?post=10216"}],"version-history":[{"count":0,"href":"https:\/\/jornalcorporativo.com.br\/en\/wp-json\/wp\/v2\/posts\/10216\/revisions"}],"wp:featuredmedia":[{"embeddable":true,"href":"https:\/\/jornalcorporativo.com.br\/en\/wp-json\/wp\/v2\/media\/10217"}],"wp:attachment":[{"href":"https:\/\/jornalcorporativo.com.br\/en\/wp-json\/wp\/v2\/media?parent=10216"}],"wp:term":[{"taxonomy":"category","embeddable":true,"href":"https:\/\/jornalcorporativo.com.br\/en\/wp-json\/wp\/v2\/categories?post=10216"},{"taxonomy":"post_tag","embeddable":true,"href":"https:\/\/jornalcorporativo.com.br\/en\/wp-json\/wp\/v2\/tags?post=10216"}],"curies":[{"name":"wp","href":"https:\/\/api.w.org\/{rel}","templated":true}]}}