{"id":10220,"date":"2022-07-26T17:17:56","date_gmt":"2022-07-26T20:17:56","guid":{"rendered":"https:\/\/jornalcorporativo.com.br\/?p=10220"},"modified":"2022-07-26T17:17:59","modified_gmt":"2022-07-26T20:17:59","slug":"ministro-da-defesa-diz-que-respeita-carta-interamericana-de-afirmacao-da-democracia","status":"publish","type":"post","link":"https:\/\/jornalcorporativo.com.br\/en\/politica\/ministro-da-defesa-diz-que-respeita-carta-interamericana-de-afirmacao-da-democracia\/","title":{"rendered":"Ministro da Defesa diz que respeita carta interamericana de afirma\u00e7\u00e3o da democracia"},"content":{"rendered":"<p class=\"wp-block-paragraph\">O ministro da Defesa, Paulo S\u00e9rgio Nogueira, disse nesta ter\u00e7a-feira (26) que respeita a Carta Democr\u00e1tica Interamericana. Em linhas gerais, a carta determina que a democracia deve ser a forma de governo de todos os pa\u00edses das Am\u00e9ricas, que devem assumir o compromisso de fortalecer o sistema na regi\u00e3o.<\/p>\n\n\n\n<p class=\"wp-block-paragraph\">Nogueira fez um breve discurso na abertura da 15\u00aa Confer\u00eancia de Ministros da Defesa das Am\u00e9ricas, realizada neste ano em Bras\u00edlia.<\/p>\n\n\n\n<p class=\"wp-block-paragraph\">&#8220;Da parte do Brasil, manifesto respeito \u00e0 carta da Organiza\u00e7\u00e3o dos Estados Americanos, OEA, e a carta Democr\u00e1tica Interamericana, e seus valores, princ\u00edpios e mecanismos&#8221;, afirmou o ministro brasileiro.<\/p>\n\n\n\n<p class=\"wp-block-paragraph\">A expectativa \u00e9 que, ap\u00f3s a confer\u00eancia, os ministros assinem a &#8220;Declara\u00e7\u00e3o de Bras\u00edlia&#8221;. O documento dever\u00e1 refor\u00e7ar o apoio \u00e0 &#8220;Carta Democr\u00e1tica Interamericana e seus valores, princ\u00edpios e mecanismos&#8221;.<\/p>\n\n\n\n<p class=\"wp-block-paragraph\">A Carta Democr\u00e1tica Interamericana diz em seu artigo de abertura: &#8220;Os povos da Am\u00e9rica t\u00eam direito \u00e0 democracia e seus governos t\u00eam a obriga\u00e7\u00e3o de promov\u00ea-la e defend\u00ea-la&#8221;.<\/p>\n\n\n\n<p class=\"wp-block-paragraph\">O secret\u00e1rio de Defesa dos Estados Unidos, Lloyd J. Austin III, tamb\u00e9m destacou em seu discurso a defesa da democracia.<\/p>\n\n\n\n<p class=\"wp-block-paragraph\">Lloyd afirmou que todo o hemisf\u00e9rio sul pode ser pr\u00f3spero, democr\u00e1tico e seguro, e ressaltou que quanto mais se aprofunda a democracia, mais se aprimora a seguran\u00e7a na regi\u00e3o.<br>\u201cNossos pa\u00edses n\u00e3o est\u00e3o unidos apenas pela geografia. N\u00f3s tamb\u00e9m nos aproximamos por interesses comuns e valores comuns, pelo nosso respeito profundo pelos direitos humanos e a dignidade humana, nosso compromisso com o Estado de Direito e a nossa devo\u00e7\u00e3o \u00e0 democracia\u201d, afirmou o secret\u00e1rio.<\/p>\n\n\n\n<p class=\"wp-block-paragraph\">Falas no Congresso<br>Em audi\u00eancia na comiss\u00e3o de Rela\u00e7\u00f5es Exteriores da C\u00e2mara, no dia 6 de julho, o ministro da Defesa afirmou que o sistema eletr\u00f4nico de vota\u00e7\u00e3o \u201cprecisa sempre de aperfei\u00e7oamento\u201d, mas negou que as For\u00e7as Armadas coloquem em d\u00favida o processo eleitoral.<\/p>\n\n\n\n<p class=\"wp-block-paragraph\">As For\u00e7as Armadas integram a Comiss\u00e3o de Transpar\u00eancia das Elei\u00e7\u00f5es. O \u00f3rg\u00e3o foi criado pelo Tribunal Superior Eleitoral (TSE) em setembro do ano passado para discutir medidas que possam ampliar ainda mais a transpar\u00eancia e a seguran\u00e7a das elei\u00e7\u00f5es.<\/p>","protected":false},"excerpt":{"rendered":"<p>Paulo S\u00e9rgio Nogueira discursou na abertura da Confer\u00eancia de Ministros da Defesa das Am\u00e9ricas<\/p>","protected":false},"author":3,"featured_media":10221,"comment_status":"open","ping_status":"open","sticky":false,"template":"","format":"standard","meta":{"_crdt_document":"","footnotes":""},"categories":[7],"tags":[],"class_list":["post-10220","post","type-post","status-publish","format-standard","has-post-thumbnail","hentry","category-politica"],"brizy_media":[],"_links":{"self":[{"href":"https:\/\/jornalcorporativo.com.br\/en\/wp-json\/wp\/v2\/posts\/10220","targetHints":{"allow":["GET"]}}],"collection":[{"href":"https:\/\/jornalcorporativo.com.br\/en\/wp-json\/wp\/v2\/posts"}],"about":[{"href":"https:\/\/jornalcorporativo.com.br\/en\/wp-json\/wp\/v2\/types\/post"}],"author":[{"embeddable":true,"href":"https:\/\/jornalcorporativo.com.br\/en\/wp-json\/wp\/v2\/users\/3"}],"replies":[{"embeddable":true,"href":"https:\/\/jornalcorporativo.com.br\/en\/wp-json\/wp\/v2\/comments?post=10220"}],"version-history":[{"count":0,"href":"https:\/\/jornalcorporativo.com.br\/en\/wp-json\/wp\/v2\/posts\/10220\/revisions"}],"wp:featuredmedia":[{"embeddable":true,"href":"https:\/\/jornalcorporativo.com.br\/en\/wp-json\/wp\/v2\/media\/10221"}],"wp:attachment":[{"href":"https:\/\/jornalcorporativo.com.br\/en\/wp-json\/wp\/v2\/media?parent=10220"}],"wp:term":[{"taxonomy":"category","embeddable":true,"href":"https:\/\/jornalcorporativo.com.br\/en\/wp-json\/wp\/v2\/categories?post=10220"},{"taxonomy":"post_tag","embeddable":true,"href":"https:\/\/jornalcorporativo.com.br\/en\/wp-json\/wp\/v2\/tags?post=10220"}],"curies":[{"name":"wp","href":"https:\/\/api.w.org\/{rel}","templated":true}]}}