{"id":10280,"date":"2022-08-01T15:49:19","date_gmt":"2022-08-01T18:49:19","guid":{"rendered":"https:\/\/jornalcorporativo.com.br\/?p=10280"},"modified":"2022-08-01T15:49:21","modified_gmt":"2022-08-01T18:49:21","slug":"wallace-minimiza-pressao-na-volta-a-selecao-isso-e-brasil","status":"publish","type":"post","link":"https:\/\/jornalcorporativo.com.br\/en\/esportes\/wallace-minimiza-pressao-na-volta-a-selecao-isso-e-brasil\/","title":{"rendered":"Wallace minimiza press\u00e3o na volta \u00e0 sele\u00e7\u00e3o: &#8220;Isso \u00e9 Brasil&#8221;"},"content":{"rendered":"<p class=\"wp-block-paragraph\">O adeus ap\u00f3s as Olimp\u00edadas de T\u00f3quio parecia definitivo. Aos 36 anos, Wallace pensava ter chegado ao fim de seu ciclo na sele\u00e7\u00e3o brasileira. Mas, em meio \u00e0s f\u00e9rias, viu tudo mudar. A les\u00e3o de Alan durante a Liga das Na\u00e7\u00f5es abriu a brecha para a volta. \u00c0s v\u00e9speras do Mundial, o oposto retorna com a miss\u00e3o de dar mais experi\u00eancia a uma equipe em processo de renova\u00e7\u00e3o.<\/p>\n\n\n\n<p class=\"wp-block-paragraph\">Wallace n\u00e3o pensava em voltar. Ainda que seu nome estivesse inscrito na Liga das Na\u00e7\u00f5es, o oposto tinha a cabe\u00e7a voltada para o Cruzeiro. Ao se apresentar ao clube para a pr\u00e9-temporada, por\u00e9m, j\u00e1 havia admitido a possibilidade de retorno para o Mundial \u00e0 jornalista Clarissa Laurence, do portal \u201cNa nossa rede\u201d. Ao ser convocado para a competi\u00e7\u00e3o, que ter\u00e1 in\u00edcio no dia 26 de agosto, na Pol\u00f4nia e na Eslov\u00eania, aceitou o chamado do t\u00e9cnico Renan Dal Zotto.<\/p>\n\n\n\n<ul class=\"wp-block-list\"><li>Acho que a les\u00e3o do Alan, infelizmente, aconteceu. E eu acho que talvez a sele\u00e7\u00e3o precise um pouco de mim nesse momento. Mais na quest\u00e3o de experi\u00eancia, passar um pouco mais de experi\u00eancia para os mais novos, para o Darlan, que est\u00e1 muito bem. Tentar fazer isso da melhor maneira poss\u00edvel.<\/li><\/ul>\n\n\n\n<p class=\"wp-block-paragraph\">O retorno ocorre em meio a um momento complicado da sele\u00e7\u00e3o. Na Liga das Na\u00e7\u00f5es, o Brasil foi eliminado nas quartas de final ap\u00f3s um desempenho inst\u00e1vel na competi\u00e7\u00e3o. As derrotas derrubaram a sele\u00e7\u00e3o do topo do ranking mundial depois de mais de 20 anos. Wallace, por\u00e9m, diz estar acostumado \u00e0 press\u00e3o.<\/p>\n\n\n\n<ul class=\"wp-block-list\"><li>A press\u00e3o acontece jogando bem ou mal. Isso \u00e9 o Brasil. \u00c9 trabalhar para tentar chegar bem e fazer bons jogos. E tentar buscar os objetivos que vamos tra\u00e7ar. Precisamos ter a cabe\u00e7a boa. Acho que (a press\u00e3o) fazia parte dessa renova\u00e7\u00e3o. N\u00e3o tem jeito, faz parte. Altos e baixos, jovens chegando agora. V\u00e3o aprender a lidar um pouco com essa press\u00e3o. Faz parte do processo.<\/li><\/ul>\n\n\n\n<p class=\"wp-block-paragraph\">Wallace havia condicionado a volta \u00e0 forma f\u00edsica. Diante do tempo parado por conta das f\u00e9rias, n\u00e3o queria chegar sem ritmo. Mas, depois de quase tr\u00eas semanas de treinos com o Cruzeiro, o oposto acredita que isso n\u00e3o ser\u00e1 problema.<\/p>\n\n\n\n<ul class=\"wp-block-list\"><li>Eu estou bem fisicamente. Consegui chegar nos meus, digamos, 85%, 90% fisicamente. Estou me sentindo bem. Preciso mais de ritmo, de treino e de jogos para ficar 100% &#8211; afirmou.<\/li><\/ul>\n\n\n\n<p class=\"wp-block-paragraph\">O Brasil est\u00e1 no grupo B da primeira fase do Mundial. A sele\u00e7\u00e3o estreia na competi\u00e7\u00e3o no dia 26 de agosto, contra Cuba, em Liubliana, na Eslov\u00eania. Depois, ainda encara Jap\u00e3o e Catar em busca de um lugar nas oitavas de final.<\/p>","protected":false},"excerpt":{"rendered":"<p>Oposto, que havia se aposentado da equipe ap\u00f3s as Olimp\u00edadas de T\u00f3quio, admite que les\u00e3o de Alan o fez repensar<\/p>","protected":false},"author":3,"featured_media":10281,"comment_status":"open","ping_status":"open","sticky":false,"template":"","format":"standard","meta":{"_crdt_document":"","footnotes":""},"categories":[6],"tags":[],"class_list":["post-10280","post","type-post","status-publish","format-standard","has-post-thumbnail","hentry","category-esportes"],"brizy_media":[],"_links":{"self":[{"href":"https:\/\/jornalcorporativo.com.br\/en\/wp-json\/wp\/v2\/posts\/10280","targetHints":{"allow":["GET"]}}],"collection":[{"href":"https:\/\/jornalcorporativo.com.br\/en\/wp-json\/wp\/v2\/posts"}],"about":[{"href":"https:\/\/jornalcorporativo.com.br\/en\/wp-json\/wp\/v2\/types\/post"}],"author":[{"embeddable":true,"href":"https:\/\/jornalcorporativo.com.br\/en\/wp-json\/wp\/v2\/users\/3"}],"replies":[{"embeddable":true,"href":"https:\/\/jornalcorporativo.com.br\/en\/wp-json\/wp\/v2\/comments?post=10280"}],"version-history":[{"count":0,"href":"https:\/\/jornalcorporativo.com.br\/en\/wp-json\/wp\/v2\/posts\/10280\/revisions"}],"wp:featuredmedia":[{"embeddable":true,"href":"https:\/\/jornalcorporativo.com.br\/en\/wp-json\/wp\/v2\/media\/10281"}],"wp:attachment":[{"href":"https:\/\/jornalcorporativo.com.br\/en\/wp-json\/wp\/v2\/media?parent=10280"}],"wp:term":[{"taxonomy":"category","embeddable":true,"href":"https:\/\/jornalcorporativo.com.br\/en\/wp-json\/wp\/v2\/categories?post=10280"},{"taxonomy":"post_tag","embeddable":true,"href":"https:\/\/jornalcorporativo.com.br\/en\/wp-json\/wp\/v2\/tags?post=10280"}],"curies":[{"name":"wp","href":"https:\/\/api.w.org\/{rel}","templated":true}]}}