{"id":10435,"date":"2022-08-08T17:53:09","date_gmt":"2022-08-08T20:53:09","guid":{"rendered":"https:\/\/jornalcorporativo.com.br\/?p=10435"},"modified":"2022-08-08T17:53:12","modified_gmt":"2022-08-08T20:53:12","slug":"como-sera-a-nova-estrutura-e-o-investimento-no-vasco-com-a-777","status":"publish","type":"post","link":"https:\/\/jornalcorporativo.com.br\/en\/esportes\/como-sera-a-nova-estrutura-e-o-investimento-no-vasco-com-a-777\/","title":{"rendered":"Como ser\u00e1 a nova estrutura e o investimento no Vasco com a 777"},"content":{"rendered":"<p class=\"wp-block-paragraph\">Os s\u00f3cios aprovaram com 79,44% dos votos e, ap\u00f3s quase seis meses de negocia\u00e7\u00f5es, a 777 Partners assume o controle do futebol do Vasco a partir desta segunda-feira, ainda que de forma informal.<\/p>\n\n\n\n<p class=\"wp-block-paragraph\">O clube inicia agora um per\u00edodo de transi\u00e7\u00e3o. A SAF do Vasco ser\u00e1 criada oficialmente a partir desta semana. Ser\u00e1 preciso abrir um CNPJ e criar conta banc\u00e1ria para, a\u00ed sim, fazer a inscri\u00e7\u00e3o da empresa na CBF para disputa do Campeonato Brasileiro da S\u00e9rie B e transfer\u00eancia dos ativos do futebol, funcion\u00e1rios e a\u00e7\u00f5es. A previs\u00e3o \u00e9 que a burocracia leve entre 10 e 15 dias.<\/p>\n\n\n\n<p class=\"wp-block-paragraph\">Na teoria, a caneta segue com o Vasco nos pr\u00f3ximos dias, mas na pr\u00e1tica a 777 assume o comando imediato e passa a dar as cartas no futebol. A empresa pode, por exemplo, aportar dinheiro para contrata\u00e7\u00f5es com seguran\u00e7a, mas o que se ouviu durante a Assembleia Geral, neste domingo, \u00e9 que dificilmente chegar\u00e3o novos refor\u00e7os at\u00e9 o fim da janela, em 15 de agosto.<\/p>\n\n\n\n<p class=\"wp-block-paragraph\">Dentro do clube, acredita-se que a 777 n\u00e3o far\u00e1 contrata\u00e7\u00f5es agora. O Vasco trouxe seis refor\u00e7os nesta janela, e o entendimento \u00e9 de que o elenco atual \u00e9 suficiente para o restante da S\u00e9rie B.<\/p>\n\n\n\n<p class=\"wp-block-paragraph\">H\u00e1, no entanto, decis\u00f5es importantes a se tomar de forma imediata. Desde a sa\u00edda de Maur\u00edcio Souza, h\u00e1 duas semanas, o Vasco tem o auxiliar Em\u00edlio Faro no comando. Odair Hellmann foi procurado por executivos da 777, na semana passada, mas declinou o convite. Existe a possibilidade de Faro ser mantido at\u00e9 o fim da S\u00e9rie B, embora ele j\u00e1 tenha externado que n\u00e3o deseja seguir como treinador da equipe. A defini\u00e7\u00e3o sobre o novo t\u00e9cnico deve ser a primeira sob o comando dos americanos.<\/p>\n\n\n\n<p class=\"wp-block-paragraph\">Outra quest\u00e3o que deve avan\u00e7ar nos pr\u00f3ximos dias \u00e9 a renova\u00e7\u00e3o de Andrey, que tem contrato com o clube at\u00e9 agosto de 2023. Ap\u00f3s impasse na negocia\u00e7\u00e3o conduzida por Carlos Brazil, j\u00e1 houve uma aproxima\u00e7\u00e3o da 777 com staff do jogador, e as partes acreditam em um entendimento em breve.<br>Os americanos acompanharam de longe a Assembleia Geral, e a previs\u00e3o \u00e9 que cheguem ao Brasil ap\u00f3s resolverem toda a burocracia. Quem passa a fazer parte do dia a dia do Vasco \u00e9 Paulo Bracks, contratado para ser uma esp\u00e9cie de consultor nesse per\u00edodo de transi\u00e7\u00e3o e futuro diretor-executivo da SAF.<\/p>\n\n\n\n<p class=\"wp-block-paragraph\">Nova estrutura<br>O Vasco passa a fazer parte de um grupo global de clubes de futebol da 777, ao lado de Genoa (ITA), Standart Li\u00e8ge (BEL) e Red Star (FRA).<\/p>","protected":false},"excerpt":{"rendered":"<p> \u00c9 improv\u00e1vel que cheguem refor\u00e7os caros nesta janela, mas clube projeta investimento pesado em 2023<\/p>","protected":false},"author":3,"featured_media":10436,"comment_status":"open","ping_status":"open","sticky":false,"template":"","format":"standard","meta":{"_crdt_document":"","footnotes":""},"categories":[6],"tags":[],"class_list":["post-10435","post","type-post","status-publish","format-standard","has-post-thumbnail","hentry","category-esportes"],"brizy_media":[],"_links":{"self":[{"href":"https:\/\/jornalcorporativo.com.br\/en\/wp-json\/wp\/v2\/posts\/10435","targetHints":{"allow":["GET"]}}],"collection":[{"href":"https:\/\/jornalcorporativo.com.br\/en\/wp-json\/wp\/v2\/posts"}],"about":[{"href":"https:\/\/jornalcorporativo.com.br\/en\/wp-json\/wp\/v2\/types\/post"}],"author":[{"embeddable":true,"href":"https:\/\/jornalcorporativo.com.br\/en\/wp-json\/wp\/v2\/users\/3"}],"replies":[{"embeddable":true,"href":"https:\/\/jornalcorporativo.com.br\/en\/wp-json\/wp\/v2\/comments?post=10435"}],"version-history":[{"count":0,"href":"https:\/\/jornalcorporativo.com.br\/en\/wp-json\/wp\/v2\/posts\/10435\/revisions"}],"wp:featuredmedia":[{"embeddable":true,"href":"https:\/\/jornalcorporativo.com.br\/en\/wp-json\/wp\/v2\/media\/10436"}],"wp:attachment":[{"href":"https:\/\/jornalcorporativo.com.br\/en\/wp-json\/wp\/v2\/media?parent=10435"}],"wp:term":[{"taxonomy":"category","embeddable":true,"href":"https:\/\/jornalcorporativo.com.br\/en\/wp-json\/wp\/v2\/categories?post=10435"},{"taxonomy":"post_tag","embeddable":true,"href":"https:\/\/jornalcorporativo.com.br\/en\/wp-json\/wp\/v2\/tags?post=10435"}],"curies":[{"name":"wp","href":"https:\/\/api.w.org\/{rel}","templated":true}]}}