{"id":10470,"date":"2022-08-10T16:30:56","date_gmt":"2022-08-10T19:30:56","guid":{"rendered":"https:\/\/jornalcorporativo.com.br\/?p=10470"},"modified":"2022-08-10T16:30:59","modified_gmt":"2022-08-10T19:30:59","slug":"imprensa-internacional-destaca-cano-do-fluminense-mais-gols-que-mbappe-e-benzema","status":"publish","type":"post","link":"https:\/\/jornalcorporativo.com.br\/en\/esportes\/imprensa-internacional-destaca-cano-do-fluminense-mais-gols-que-mbappe-e-benzema\/","title":{"rendered":"Imprensa internacional destaca Cano, do Fluminense: &#8220;Mais gols que Mbapp\u00e9 e Benzema&#8221;"},"content":{"rendered":"<p class=\"wp-block-paragraph\">Germ\u00e1n Cano, do Fluminense, come\u00e7a a chamar aten\u00e7\u00e3o do Mundo pelos n\u00fameros conquistados com a camisa tricolor em 2022. Com os 30 gols em 50 jogos, o argentino foi destaque no Marca, da Espanha, e no Ol\u00e9, da Argentina, que exaltaram o desempenho do artilheiro.<\/p>\n\n\n\n<p class=\"wp-block-paragraph\">A reportagem espanhola come\u00e7a com uma compara\u00e7\u00e3o de peso, noticiando que Cano tem &#8220;mais gols que Mbapp\u00e9 e Benzema&#8221;.<\/p>\n\n\n\n<ul class=\"wp-block-list\"><li>Depois de uma boa passagem pelo Vasco, Cano chegou ao Flu este ano, onde se tornou uma m\u00e1quina de marcar gols &#8211; escreveu o Marca, que tamb\u00e9m ressaltou o fato de nenhum dos gols ter sido marcado de p\u00eanalti.<\/li><\/ul>\n\n\n\n<p class=\"wp-block-paragraph\">O di\u00e1rio espanhol tamb\u00e9m repercutiu o fato de torcedores do Fluminense levarem ao Maracan\u00e3 camisetas da Argentina com o nome de Lionel Messi rasurado e, abaixo, &#8220;corrigido&#8221; por Germ\u00e1n Cano.<\/p>\n\n\n\n<p class=\"wp-block-paragraph\">Cano tamb\u00e9m deu o que falar no Ol\u00e9, da Argentina. Al\u00e9m de destacar a superioridade do artilheiro sobre as estrelas mundiais citadas pelo Marca, o portal hermano trouxe \u00e0 tona centroavantes brasileiros:<\/p>\n\n\n\n<ul class=\"wp-block-list\"><li>No futebol brasileiro, h\u00e1 um atacante que est\u00e1 quebrando tudo e que est\u00e1 na moda. Gabigol? N\u00e3o. Hulk? Tampouco. O artilheiro que est\u00e1 gerando suspiros, principalmente dos torcedores do Fluminense , \u00e9 o argentino Germ\u00e1n Cano &#8211; noticiou o Ol\u00e9.<\/li><\/ul>\n\n\n\n<p class=\"wp-block-paragraph\">Tudo indica que Cano caiu nas gra\u00e7as do Ol\u00e9. Despois de publicar a reportagem, o portal fez nova men\u00e7\u00e3o ao atacante. Mas pode colocar a segunda reportagem na conta de Felipe Melo. O volante citou o ve\u00edculo em postagem no Instagram e parece ter atingido seu objetivo:<\/p>\n\n\n\n<ul class=\"wp-block-list\"><li>Felipe Melo se encarregou de dar uma forcinha para que Lionel Scaloni (t\u00e9cnico da Argentina) convoque Cano para a sele\u00e7\u00e3o. E at\u00e9 chamou o Di\u00e1rio Ol\u00e9 em uma postagem do Instagram para que sua mensagem chegasse a todos os cantos\u2026 Olha &#8211; descreveu o portal.<\/li><\/ul>\n\n\n\n<p class=\"wp-block-paragraph\">Na publica\u00e7\u00e3o da rede social, Felipe Melo escreveu, em espanhol, que Cano \u00e9 o melhor camisa nove que h\u00e1 e questionou o Ol\u00e9: &#8220;O que Scalloni espera para chamar Cano?&#8221;.<\/p>\n\n\n\n<p class=\"wp-block-paragraph\">O time de Cano volta a campo no pr\u00f3ximo domingo, pelo Brasileir\u00e3o. No Beira-Rio, o Flu enfrenta o Inter, domingo, \u00e0s 19h.<\/p>","protected":false},"excerpt":{"rendered":"<p>Al\u00e9m de destacar a superioridade do artilheiro sobre as estrelas mundiais, o portal hermano trouxe \u00e0 tona centroavantes brasileiros<\/p>","protected":false},"author":3,"featured_media":10471,"comment_status":"open","ping_status":"open","sticky":false,"template":"","format":"standard","meta":{"_crdt_document":"","footnotes":""},"categories":[6],"tags":[],"class_list":["post-10470","post","type-post","status-publish","format-standard","has-post-thumbnail","hentry","category-esportes"],"brizy_media":[],"_links":{"self":[{"href":"https:\/\/jornalcorporativo.com.br\/en\/wp-json\/wp\/v2\/posts\/10470","targetHints":{"allow":["GET"]}}],"collection":[{"href":"https:\/\/jornalcorporativo.com.br\/en\/wp-json\/wp\/v2\/posts"}],"about":[{"href":"https:\/\/jornalcorporativo.com.br\/en\/wp-json\/wp\/v2\/types\/post"}],"author":[{"embeddable":true,"href":"https:\/\/jornalcorporativo.com.br\/en\/wp-json\/wp\/v2\/users\/3"}],"replies":[{"embeddable":true,"href":"https:\/\/jornalcorporativo.com.br\/en\/wp-json\/wp\/v2\/comments?post=10470"}],"version-history":[{"count":0,"href":"https:\/\/jornalcorporativo.com.br\/en\/wp-json\/wp\/v2\/posts\/10470\/revisions"}],"wp:featuredmedia":[{"embeddable":true,"href":"https:\/\/jornalcorporativo.com.br\/en\/wp-json\/wp\/v2\/media\/10471"}],"wp:attachment":[{"href":"https:\/\/jornalcorporativo.com.br\/en\/wp-json\/wp\/v2\/media?parent=10470"}],"wp:term":[{"taxonomy":"category","embeddable":true,"href":"https:\/\/jornalcorporativo.com.br\/en\/wp-json\/wp\/v2\/categories?post=10470"},{"taxonomy":"post_tag","embeddable":true,"href":"https:\/\/jornalcorporativo.com.br\/en\/wp-json\/wp\/v2\/tags?post=10470"}],"curies":[{"name":"wp","href":"https:\/\/api.w.org\/{rel}","templated":true}]}}