{"id":10474,"date":"2022-08-10T16:40:29","date_gmt":"2022-08-10T19:40:29","guid":{"rendered":"https:\/\/jornalcorporativo.com.br\/?p=10474"},"modified":"2022-08-10T16:40:32","modified_gmt":"2022-08-10T19:40:32","slug":"as-licoes-da-australia-para-proteger-as-criancas-do-cancer-de-pele","status":"publish","type":"post","link":"https:\/\/jornalcorporativo.com.br\/en\/saude-natural\/as-licoes-da-australia-para-proteger-as-criancas-do-cancer-de-pele\/","title":{"rendered":"As li\u00e7\u00f5es da Austr\u00e1lia para proteger as crian\u00e7as do c\u00e2ncer de pele"},"content":{"rendered":"<p class=\"wp-block-paragraph\">Cientistas descobriram, por exemplo, que apenas um caso de queimadura solar com bolhas na inf\u00e2ncia ou adolesc\u00eancia dobra o risco de desenvolver melanoma, que \u00e9 a forma mais grave de c\u00e2ncer de pele, no futuro.<\/p>\n\n\n\n<p class=\"wp-block-paragraph\">A Austr\u00e1lia tem uma das maiores taxas de c\u00e2ncer de pele do mundo, com uma preval\u00eancia que \u00e9 aproximadamente o dobro do Reino Unido e dos Estados Unidos. Um dos principais motivos \u00e9 o Sol intenso no pa\u00eds da Oceania.<br>Mas, em resposta a esta amea\u00e7a, o pa\u00eds tamb\u00e9m desenvolveu algumas das medidas mais eficazes do mundo para a preven\u00e7\u00e3o do c\u00e2ncer de pele \u2014 oferecendo li\u00e7\u00f5es poderosas para outros pa\u00edses que lidam com ver\u00f5es cada vez mais quentes.<\/p>\n\n\n\n<p class=\"wp-block-paragraph\">A pele fina precisa de prote\u00e7\u00e3o<br>O protetor solar nunca deve ser usado em um beb\u00ea de seis meses ou menos, e uma crian\u00e7a com menos de um ano n\u00e3o deve ser exposta diretamente aos raios UV, de acordo com o Cancer Council.<br>Em vez disso, as prote\u00e7\u00f5es apropriadas para beb\u00eas incluem roupas leves e folgadas que permitem o fluxo de ar, sombra densa e um chap\u00e9u macio que n\u00e3o ofere\u00e7a risco de asfixia.<\/p>\n\n\n\n<p class=\"wp-block-paragraph\">Quanto protetor solar voc\u00ea deve usar?<br>Juntamente a mitos prejudiciais (como um bronzeado falso que fornece prote\u00e7\u00e3o contra queimaduras), estudos descobriram que as pessoas geralmente aplicam quantidades insuficientes de protetor solar.<br>Na Austr\u00e1lia, o Cancer Council recomenda outras quatro medidas de prote\u00e7\u00e3o solar: roupa, sombra, chap\u00e9u de abas largas e \u00f3culos escuros.<\/p>\n\n\n\n<p class=\"wp-block-paragraph\">Campanha nacional<br>A campanha SunSmart \u2014 tamb\u00e9m conhecida como campanha Slip, Slop, Slap \u2014 usou uma gaivota animada chamada Syd para encorajar as pessoas a &#8220;vestir uma camisa, passar protetor solar e colocar um chap\u00e9u&#8221;.<\/p>\n\n\n\n<p class=\"wp-block-paragraph\">Alerta de Sol por telefone<br>Um aplicativo desenvolvido na Austr\u00e1lia e coprojetado pelo Cancer Council Victoria, Arpansa e outras organiza\u00e7\u00f5es visa ajudar a prevenir o c\u00e2ncer de pele, mostrando aos usu\u00e1rios o \u00edndice UV em sua \u00e1rea.<br>O aplicativo ser\u00e1 especialmente \u00fatil para quem est\u00e1 de f\u00e9rias em novos destinos, de acordo com Barker.<\/p>\n\n\n\n<p class=\"wp-block-paragraph\">Futuro do protetor<br>Elke Hacker, pesquisadora de sa\u00fade p\u00fablica da Universidade Griffith, e sua equipe da Universidade de Tecnologia de Queensland estudaram o efeito de adesivos de detec\u00e7\u00e3o de UV que lembram as pessoas de reaplicar o protetor solar durante quatro dias do Ashes Test de 2017 em Brisbane, na Austr\u00e1lia.<\/p>\n\n\n\n<p class=\"wp-block-paragraph\">Os adesivos mudam de cor em resposta aos raios UV \u2014 ficam claros quando o protetor solar \u00e9 rec\u00e9m-aplicado e, quando o filtro perde o efeito e \u00e9 hora de reaplicar, ficam roxos.<\/p>","protected":false},"excerpt":{"rendered":"<p>Cinco passos simples ajudaram o pa\u00eds a reduzir a doen\u00e7a \u2013 e podem ajudar outras pessoas a se manterem seguras do sol<\/p>","protected":false},"author":3,"featured_media":10475,"comment_status":"open","ping_status":"open","sticky":false,"template":"","format":"standard","meta":{"_crdt_document":"","footnotes":""},"categories":[8],"tags":[],"class_list":["post-10474","post","type-post","status-publish","format-standard","has-post-thumbnail","hentry","category-saude-natural"],"brizy_media":[],"_links":{"self":[{"href":"https:\/\/jornalcorporativo.com.br\/en\/wp-json\/wp\/v2\/posts\/10474","targetHints":{"allow":["GET"]}}],"collection":[{"href":"https:\/\/jornalcorporativo.com.br\/en\/wp-json\/wp\/v2\/posts"}],"about":[{"href":"https:\/\/jornalcorporativo.com.br\/en\/wp-json\/wp\/v2\/types\/post"}],"author":[{"embeddable":true,"href":"https:\/\/jornalcorporativo.com.br\/en\/wp-json\/wp\/v2\/users\/3"}],"replies":[{"embeddable":true,"href":"https:\/\/jornalcorporativo.com.br\/en\/wp-json\/wp\/v2\/comments?post=10474"}],"version-history":[{"count":0,"href":"https:\/\/jornalcorporativo.com.br\/en\/wp-json\/wp\/v2\/posts\/10474\/revisions"}],"wp:featuredmedia":[{"embeddable":true,"href":"https:\/\/jornalcorporativo.com.br\/en\/wp-json\/wp\/v2\/media\/10475"}],"wp:attachment":[{"href":"https:\/\/jornalcorporativo.com.br\/en\/wp-json\/wp\/v2\/media?parent=10474"}],"wp:term":[{"taxonomy":"category","embeddable":true,"href":"https:\/\/jornalcorporativo.com.br\/en\/wp-json\/wp\/v2\/categories?post=10474"},{"taxonomy":"post_tag","embeddable":true,"href":"https:\/\/jornalcorporativo.com.br\/en\/wp-json\/wp\/v2\/tags?post=10474"}],"curies":[{"name":"wp","href":"https:\/\/api.w.org\/{rel}","templated":true}]}}