{"id":10482,"date":"2022-08-10T16:41:50","date_gmt":"2022-08-10T19:41:50","guid":{"rendered":"https:\/\/jornalcorporativo.com.br\/?p=10482"},"modified":"2022-08-10T16:41:53","modified_gmt":"2022-08-10T19:41:53","slug":"plano-de-governo-de-bolsonaro-preve-ampliar-acesso-a-arma-e-auxilio-brasil-de-r-600","status":"publish","type":"post","link":"https:\/\/jornalcorporativo.com.br\/en\/politica\/plano-de-governo-de-bolsonaro-preve-ampliar-acesso-a-arma-e-auxilio-brasil-de-r-600\/","title":{"rendered":"Plano de governo de Bolsonaro prev\u00ea ampliar acesso a arma e Aux\u00edlio Brasil de R$ 600"},"content":{"rendered":"<p class=\"wp-block-paragraph\">O plano de governo do candidato \u00e0 reelei\u00e7\u00e3o Jair Bolsonaro (PL) prop\u00f5e ampliar o acesso a armas de fogo para o cidad\u00e3o comum. O documento foi apresentado no site do Tribunal Superior Eleitoral (TSE) na ter\u00e7a-feira (9).<\/p>\n\n\n\n<p class=\"wp-block-paragraph\">Intitulado &#8220;Caminho da prosperidade, construindo uma grande na\u00e7\u00e3o&#8221;, o documento \u00e9 dividido em seis eixos principais: economia, tecnologia e inova\u00e7\u00e3o; sa\u00fade, educa\u00e7\u00e3o e social; seguran\u00e7a e defesa; infraestrutura e log\u00edstica; sustentabilidade ambiental e, por fim, governan\u00e7a e geopol\u00edtica.<\/p>\n\n\n\n<p class=\"wp-block-paragraph\">Para justificar a amplia\u00e7\u00e3o do acesso \u00e0s armas, cita uma suposta redu\u00e7\u00e3o nos homic\u00eddios por armas de fogo. Uma s\u00e9rie de decretos de Bolsonaro elevou o acesso a armas como fuzis para qualquer cidad\u00e3o, cadastrados com licen\u00e7a de colecionador, atirador esportivo e\/ou ca\u00e7adores (CAC).<\/p>\n\n\n\n<p class=\"wp-block-paragraph\">Aux\u00edlio Brasil e imposto de renda<br>A proposta determina que o Aux\u00edlio Brasil, programa de transfer\u00eancia de renda que substituiu o antigo Bolsa Fam\u00edlia, se mantenha em R$ 600 no pr\u00f3ximo ano. Em PEC de benef\u00edcios sociais, o governo ampliou o pagamento de R$ 400 para R$ 600 at\u00e9 dezembro de 2022.<br>&#8220;Um dos compromissos priorit\u00e1rios do governo reeleito ser\u00e1 a manuten\u00e7\u00e3o do valor de R$ 600 para o Aux\u00edlio Brasil a partir de janeiro de 2023&#8221;, diz o projeto de Bolsonaro.<\/p>\n\n\n\n<p class=\"wp-block-paragraph\">Nesta quarta-feira (10), Bolsonaro sancionou as diretrizes do or\u00e7amento para 2023 e n\u00e3o consta o valor para o Aux\u00edlio Brasil no pr\u00f3ximo ano &#8212; o texto define R$ 1.294 para o sal\u00e1rio m\u00ednimo.<\/p>\n\n\n\n<p class=\"wp-block-paragraph\">Bolsonaro reafirma nas propostas a promessa de isentar parte da popula\u00e7\u00e3o da cobran\u00e7a de imposto de renda, dessa vez para quem ganha at\u00e9 R$ 2,5 mil. Em 2018, o ent\u00e3o candidato prop\u00f4s a isen\u00e7\u00e3o para quem recebesse at\u00e9 cinco sal\u00e1rios m\u00ednimos (valor hoje que seria de R$ 6.060), mas n\u00e3o cumpriu.<\/p>\n\n\n\n<p class=\"wp-block-paragraph\">Cultura<br>O projeto de Bolsonaro tem entre suas metas triplicar os investimentos em cultura &#8211;\u00e1rea afetada pela seguida falta de investimentos do governo dele. Segundo o documento, o governo brasileiro injeta R$ 7 bilh\u00f5es por ano no setor.<br>&#8220;Com a reelei\u00e7\u00e3o, a perspectiva \u00e9 de que esse investimento seja mais que triplicado at\u00e9 2026, podendo chegar a 30 bilh\u00f5es de reais, descentralizando o investimento na cultura brasileira&#8221;, defende o texto.<\/p>","protected":false},"excerpt":{"rendered":"<p>Em 2018, o ent\u00e3o candidato prop\u00f4s a isen\u00e7\u00e3o para quem recebesse at\u00e9 cinco sal\u00e1rios m\u00ednimos mas n\u00e3o cumpriu<\/p>","protected":false},"author":3,"featured_media":10483,"comment_status":"open","ping_status":"open","sticky":false,"template":"","format":"standard","meta":{"_crdt_document":"","footnotes":""},"categories":[7],"tags":[],"class_list":["post-10482","post","type-post","status-publish","format-standard","has-post-thumbnail","hentry","category-politica"],"brizy_media":[],"_links":{"self":[{"href":"https:\/\/jornalcorporativo.com.br\/en\/wp-json\/wp\/v2\/posts\/10482","targetHints":{"allow":["GET"]}}],"collection":[{"href":"https:\/\/jornalcorporativo.com.br\/en\/wp-json\/wp\/v2\/posts"}],"about":[{"href":"https:\/\/jornalcorporativo.com.br\/en\/wp-json\/wp\/v2\/types\/post"}],"author":[{"embeddable":true,"href":"https:\/\/jornalcorporativo.com.br\/en\/wp-json\/wp\/v2\/users\/3"}],"replies":[{"embeddable":true,"href":"https:\/\/jornalcorporativo.com.br\/en\/wp-json\/wp\/v2\/comments?post=10482"}],"version-history":[{"count":0,"href":"https:\/\/jornalcorporativo.com.br\/en\/wp-json\/wp\/v2\/posts\/10482\/revisions"}],"wp:featuredmedia":[{"embeddable":true,"href":"https:\/\/jornalcorporativo.com.br\/en\/wp-json\/wp\/v2\/media\/10483"}],"wp:attachment":[{"href":"https:\/\/jornalcorporativo.com.br\/en\/wp-json\/wp\/v2\/media?parent=10482"}],"wp:term":[{"taxonomy":"category","embeddable":true,"href":"https:\/\/jornalcorporativo.com.br\/en\/wp-json\/wp\/v2\/categories?post=10482"},{"taxonomy":"post_tag","embeddable":true,"href":"https:\/\/jornalcorporativo.com.br\/en\/wp-json\/wp\/v2\/tags?post=10482"}],"curies":[{"name":"wp","href":"https:\/\/api.w.org\/{rel}","templated":true}]}}