{"id":10486,"date":"2022-08-10T16:42:27","date_gmt":"2022-08-10T19:42:27","guid":{"rendered":"https:\/\/jornalcorporativo.com.br\/?p=10486"},"modified":"2022-08-10T16:42:31","modified_gmt":"2022-08-10T19:42:31","slug":"senado-aprova-projeto-que-reduz-idade-minima-e-dispensa-aval-do-marido-para-laqueadura","status":"publish","type":"post","link":"https:\/\/jornalcorporativo.com.br\/en\/brasil\/senado-aprova-projeto-que-reduz-idade-minima-e-dispensa-aval-do-marido-para-laqueadura\/","title":{"rendered":"Senado aprova projeto que reduz idade m\u00ednima e dispensa aval do marido para laqueadura"},"content":{"rendered":"\n<p class=\"wp-block-paragraph\">O Senado aprovou nesta quarta-feira (10) um projeto de lei que dispensa a autoriza\u00e7\u00e3o do c\u00f4njuge para procedimentos de esteriliza\u00e7\u00e3o volunt\u00e1ria (laqueadura, para mulheres, e vasectomia para homens).<\/p>\n\n\n\n<p class=\"wp-block-paragraph\">Pela legisla\u00e7\u00e3o em vigor atualmente, homens e mulheres casados precisam desse aval para se submeter ao procedimento. A proposta j\u00e1 foi aprovada na C\u00e2mara e segue para san\u00e7\u00e3o do presidente Jair Bolsonaro.<\/p>\n\n\n\n<p class=\"wp-block-paragraph\">Se sancionada, a medida passar\u00e1 a valer 180 dias ap\u00f3s ser publicada no &#8220;Di\u00e1rio Oficial da Uni\u00e3o&#8221;. A mudan\u00e7a de regras \u00e9 uma demanda da bancada feminina e foi aprovada na mesma sess\u00e3o que comemorou os 16 anos da Lei Maria da Penha.<\/p>\n\n\n\n<p class=\"wp-block-paragraph\">A norma atual foi institu\u00edda em 1996 e exige que &#8220;na vig\u00eancia de sociedade conjugal, a esteriliza\u00e7\u00e3o depende do consentimento expresso de ambos os c\u00f4njuges.&#8221; Ou seja, o marido precisa autorizar a vasectomia da esposa, e vice-versa.<\/p>\n\n\n\n<p class=\"wp-block-paragraph\">Em seu parecer, a senadora Nilda Gondim (MDB-PB) afirma que, segundo a Organiza\u00e7\u00e3o Mundial da Sa\u00fade (OMS), &#8220;o uso adequado de m\u00e9todos anticoncepcionais contribui para a preven\u00e7\u00e3o dos riscos \u00e0 sa\u00fade relacionados \u00e0 gravidez indesejada, notadamente em adolescentes&#8221;.<br>&#8220;Contribui ainda para a redu\u00e7\u00e3o da mortalidade infantil, melhora o acesso \u00e0 informa\u00e7\u00e3o sobre planejamento familiar e, do ponto de vista socioecon\u00f4mico, colabora para o crescimento populacional sustent\u00e1vel e o desenvolvimento econ\u00f4mico dos pa\u00edses&#8221;, escreveu no relat\u00f3rio.<\/p>\n\n\n\n<p class=\"wp-block-paragraph\">Durante a vota\u00e7\u00e3o da proposta, o senador Guaracy Silveira (Avante-TO) sugeriu a retirada do dispositivo do texto, segundo ele em nome da &#8220;harmonia da fam\u00edlia&#8221;.<br>&#8220;N\u00f3s n\u00e3o podemos de maneira nenhuma pregar a desagrega\u00e7\u00e3o, mulher inimiga do marido e marido inimigo da mulher, filhos, irm\u00e3os. A fun\u00e7\u00e3o pol\u00edtica primordial \u00e9 promover a harmonia. Ent\u00e3o eu gostaria que n\u00f3s fiz\u00e9ssemos uma revis\u00e3o porque quando pedimos aqui a revoga\u00e7\u00e3o do artigo 3\u00ba [o que desobriga a autoriza\u00e7\u00e3o do c\u00f4njuge para o m\u00e9todo] podemos padecer de inconstitucionalidade.\u201d<\/p>\n\n\n\n<p class=\"wp-block-paragraph\">A senadora Zenaide Maia (PROS-RN) concordou com a relatora e disse que qualquer mudan\u00e7a nesse artigo contraria o prop\u00f3sito do projeto de lei.<\/p>\n","protected":false},"excerpt":{"rendered":"<p>Legisla\u00e7\u00e3o atual exige consentimento do c\u00f4njuge; regra tamb\u00e9m valer\u00e1 para vasectomia nos homens<\/p>","protected":false},"author":3,"featured_media":10487,"comment_status":"open","ping_status":"open","sticky":false,"template":"","format":"standard","meta":{"_crdt_document":"","footnotes":""},"categories":[36],"tags":[],"class_list":["post-10486","post","type-post","status-publish","format-standard","has-post-thumbnail","hentry","category-brasil"],"brizy_media":[],"_links":{"self":[{"href":"https:\/\/jornalcorporativo.com.br\/en\/wp-json\/wp\/v2\/posts\/10486","targetHints":{"allow":["GET"]}}],"collection":[{"href":"https:\/\/jornalcorporativo.com.br\/en\/wp-json\/wp\/v2\/posts"}],"about":[{"href":"https:\/\/jornalcorporativo.com.br\/en\/wp-json\/wp\/v2\/types\/post"}],"author":[{"embeddable":true,"href":"https:\/\/jornalcorporativo.com.br\/en\/wp-json\/wp\/v2\/users\/3"}],"replies":[{"embeddable":true,"href":"https:\/\/jornalcorporativo.com.br\/en\/wp-json\/wp\/v2\/comments?post=10486"}],"version-history":[{"count":0,"href":"https:\/\/jornalcorporativo.com.br\/en\/wp-json\/wp\/v2\/posts\/10486\/revisions"}],"wp:featuredmedia":[{"embeddable":true,"href":"https:\/\/jornalcorporativo.com.br\/en\/wp-json\/wp\/v2\/media\/10487"}],"wp:attachment":[{"href":"https:\/\/jornalcorporativo.com.br\/en\/wp-json\/wp\/v2\/media?parent=10486"}],"wp:term":[{"taxonomy":"category","embeddable":true,"href":"https:\/\/jornalcorporativo.com.br\/en\/wp-json\/wp\/v2\/categories?post=10486"},{"taxonomy":"post_tag","embeddable":true,"href":"https:\/\/jornalcorporativo.com.br\/en\/wp-json\/wp\/v2\/tags?post=10486"}],"curies":[{"name":"wp","href":"https:\/\/api.w.org\/{rel}","templated":true}]}}