{"id":10688,"date":"2022-08-18T16:25:24","date_gmt":"2022-08-18T19:25:24","guid":{"rendered":"https:\/\/jornalcorporativo.com.br\/?p=10688"},"modified":"2022-08-18T16:25:28","modified_gmt":"2022-08-18T19:25:28","slug":"pedro-chega-ao-20o-gol-no-ano-e-se-aproxima-da-melhor-marca-pelo-flamengo","status":"publish","type":"post","link":"https:\/\/jornalcorporativo.com.br\/en\/esportes\/pedro-chega-ao-20o-gol-no-ano-e-se-aproxima-da-melhor-marca-pelo-flamengo\/","title":{"rendered":"Pedro chega ao 20\u00ba gol no ano e se aproxima da melhor marca pelo Flamengo"},"content":{"rendered":"<p class=\"wp-block-paragraph\">Pedro marcou um gola\u00e7o de bicicleta na Arena da Baixada, deu a vit\u00f3ria ao Flamengo por 1 a 0 sobre o Athletico e decretou a classifica\u00e7\u00e3o para a semifinal da Copa do Brasil. O centroavante chegou ao gol n\u00famero 20 em 2022 e est\u00e1 perto de alcan\u00e7ar sua temporada mais goleadora no clube.<br>Em 2020, ano em que foi contratado, Pedro marcou 23 gols. Em 2021, ele ficou nos 18 gols. Na atual temporada, ele vive seu melhor momento, se firmou entre os titulares e tem tudo para ter seu ano mais artilheiro.<\/p>\n\n\n\n<p class=\"wp-block-paragraph\">Dos 20 gols que marcou em 2022, 12 sa\u00edram depois da chegada do t\u00e9cnico Dorival J\u00fanior. A \u00f3tima fase chegou em boa hora, j\u00e1 que ele ainda sonha com uma convoca\u00e7\u00e3o para defender o Brasil na Copa do Mundo.<\/p>\n\n\n\n<p class=\"wp-block-paragraph\">Pedro est\u00e1 sendo acompanhado bem de perto. Quarta-feira, na Arena da Baixada, os auxiliares do t\u00e9cnico Tite, Cleber Xavier e Cesar Sampaio, testemunharam o gola\u00e7o o centroavante, que incluiu mais uma pintura em sua lista pelo Flamengo.<\/p>\n\n\n\n<ul class=\"wp-block-list\"><li>O cruzamento foi perfeito do Rodinei. Eu fiz um gol bem parecido, de voleio, no treino ontem, mas com o cruzamento do Arrascaeta &#8211; contou Pedro. O Flamengo aguarda a defini\u00e7\u00e3o do seu advers\u00e1rio na semifinal, que sair\u00e1 do confronto Am\u00e9rica-MG x S\u00e3o Paulo.<\/li><\/ul>\n\n\n\n<p class=\"wp-block-paragraph\">Flamengo consolidado<br>O sistema defensivo mais uma vez deu a tranquilidade necess\u00e1ria para o time resolver o jogo. Fabr\u00edcio Bruno, L\u00e9o Pereira e Filipe Lu\u00eds foram muito bem na marca\u00e7\u00e3o, auxiliados por Jo\u00e3o Gomes e Vidal. Rodinei se destacou no ataque.<\/p>\n\n\n\n<p class=\"wp-block-paragraph\">O Flamengo soube controlar o jogo mesmo quando o Athletico tentou fazer press\u00e3o. O time de Dorival J\u00fanior teve mais a bola e em alguns momentos conseguiu envolver o advers\u00e1rio na base do toque de bola, mesmo que Arracaeta e Gabigol n\u00e3o estivessem em um dia de brilho individual.<\/p>\n\n\n\n<p class=\"wp-block-paragraph\">O Athletico ainda fez press\u00e3o nos minutos finais, mas o Flamengo conseguiu se safar.<\/p>\n\n\n\n<ul class=\"wp-block-list\"><li>Fizemos um grande resultado, principalmente pela forma que constru\u00edmos. N\u00f3s tivemos um equil\u00edbrio e buscamos o gol a todo o momento contra uma equipe que marcou muito. Eu acredito que merec\u00edamos o resultado &#8211; disse Dorival J\u00fanior.<\/li><\/ul>\n\n\n\n<p class=\"wp-block-paragraph\">O Flamengo ultrapassou mais um grande obst\u00e1culo e provou estar pronto para qualquer desafio. O pr\u00f3ximo j\u00e1 ser\u00e1 mais um dos grandes, o duelo com o l\u00edder Palmeiras, domingo, pelo Campeonato Brasileiro.<\/p>","protected":false},"excerpt":{"rendered":"<p>Atacante marcou 12 destes 20 gols ap\u00f3s a chegada de Dorival J\u00fanior, que o efetivou como titular ao lado de Gabigol<\/p>","protected":false},"author":3,"featured_media":10689,"comment_status":"open","ping_status":"open","sticky":false,"template":"","format":"standard","meta":{"_crdt_document":"","footnotes":""},"categories":[6],"tags":[],"class_list":["post-10688","post","type-post","status-publish","format-standard","has-post-thumbnail","hentry","category-esportes"],"brizy_media":[],"_links":{"self":[{"href":"https:\/\/jornalcorporativo.com.br\/en\/wp-json\/wp\/v2\/posts\/10688","targetHints":{"allow":["GET"]}}],"collection":[{"href":"https:\/\/jornalcorporativo.com.br\/en\/wp-json\/wp\/v2\/posts"}],"about":[{"href":"https:\/\/jornalcorporativo.com.br\/en\/wp-json\/wp\/v2\/types\/post"}],"author":[{"embeddable":true,"href":"https:\/\/jornalcorporativo.com.br\/en\/wp-json\/wp\/v2\/users\/3"}],"replies":[{"embeddable":true,"href":"https:\/\/jornalcorporativo.com.br\/en\/wp-json\/wp\/v2\/comments?post=10688"}],"version-history":[{"count":0,"href":"https:\/\/jornalcorporativo.com.br\/en\/wp-json\/wp\/v2\/posts\/10688\/revisions"}],"wp:featuredmedia":[{"embeddable":true,"href":"https:\/\/jornalcorporativo.com.br\/en\/wp-json\/wp\/v2\/media\/10689"}],"wp:attachment":[{"href":"https:\/\/jornalcorporativo.com.br\/en\/wp-json\/wp\/v2\/media?parent=10688"}],"wp:term":[{"taxonomy":"category","embeddable":true,"href":"https:\/\/jornalcorporativo.com.br\/en\/wp-json\/wp\/v2\/categories?post=10688"},{"taxonomy":"post_tag","embeddable":true,"href":"https:\/\/jornalcorporativo.com.br\/en\/wp-json\/wp\/v2\/tags?post=10688"}],"curies":[{"name":"wp","href":"https:\/\/api.w.org\/{rel}","templated":true}]}}