{"id":10691,"date":"2022-08-18T16:27:46","date_gmt":"2022-08-18T19:27:46","guid":{"rendered":"https:\/\/jornalcorporativo.com.br\/?p=10691"},"modified":"2022-08-18T16:27:50","modified_gmt":"2022-08-18T19:27:50","slug":"molecula-pode-ajudar-a-detectar-diabetes-antes-mesmo-dos-sintomas","status":"publish","type":"post","link":"https:\/\/jornalcorporativo.com.br\/en\/saude-natural\/molecula-pode-ajudar-a-detectar-diabetes-antes-mesmo-dos-sintomas\/","title":{"rendered":"Mol\u00e9cula pode ajudar a detectar diabetes antes mesmo dos sintomas"},"content":{"rendered":"\n<p class=\"wp-block-paragraph\">Pesquisadores da Universidade de Genebra (UNIGE) descobriram que uma mol\u00e9cula, que pode ser identificada em um simples exame de sangue, pode permitir detectar um quadro de diabetes antes mesmo dos sintomas. O estudo foi publicado na revista cient\u00edfica Journal of Clinical Endocrinology &amp; Metabolism.<\/p>\n\n\n\n<p class=\"wp-block-paragraph\">Segundo dados da Federa\u00e7\u00e3o Internacional de Diabetes (IDF, na sigla em ingl\u00eas), 15,7 milh\u00f5es de brasileiros viviam com diabetes em 2021. Proje\u00e7\u00f5es apontam que at\u00e9 2030 esse n\u00famero deve subir para 19,2 milh\u00f5es. A doen\u00e7a \u00e9 silenciosa e n\u00e3o tem cura. Por isso, o diagn\u00f3stico \u00e9 muito importante para controlar o diabetes.<\/p>\n\n\n\n<p class=\"wp-block-paragraph\">Os pesquisadores su\u00ed\u00e7os alertam que, se a doen\u00e7a for identificada no est\u00e1gio anterior, chamado de pr\u00e9-diabetes, o quadro pode ser revertido. E foi nesse est\u00e1gio que eles focaram.<\/p>\n\n\n\n<p class=\"wp-block-paragraph\">&#8220;Optamos por uma estrat\u00e9gia alternativa: encontrar uma mol\u00e9cula cujo n\u00edveis no sangue estariam associados \u00e0 massa funcional dessas c\u00e9lulas beta para detectar indiretamente sua altera\u00e7\u00e3o na fase pr\u00e9-diabetes, antes do aparecimento de qualquer sintoma&#8221;, explicou o professor Pirre Maechler, que liderou o estudo.<br>O primeiro passo foi analisar milhares de mol\u00e9culas em camundongos saud\u00e1veis, pr\u00e9-diab\u00e9ticos e diab\u00e9ticos. Os cientistas descobriram ent\u00e3o o 1,5-anidroglucitol, uma pequena mol\u00e9cula cuja diminui\u00e7\u00e3o no sangue indicaria uma defici\u00eancia em c\u00e9lulas beta.<\/p>\n\n\n\n<p class=\"wp-block-paragraph\">Ap\u00f3s os bons resultados com camundongos, a equipe passou para o pr\u00f3ximo passo: determinar a relev\u00e2ncia em humanos. Eles compararam o n\u00edvel de 1,5-anidroglucitol de pacientes com diabetes e pacientes saud\u00e1veis.<\/p>\n\n\n\n<p class=\"wp-block-paragraph\">&#8220;Conseguimos observar uma diminui\u00e7\u00e3o desse a\u00e7\u00facar [1,5-anidroglucitol] em pessoas com diabetes. Foi muito motivador, especialmente porque essa redu\u00e7\u00e3o era observ\u00e1vel independentemente dos sintomas e mesmo antes do in\u00edcio do diabetes&#8221;, explicou Cecilia Jim\u00e9nez-Sanchez, p\u00f3s-doutoranda do departamento de Fisiologia e Metabolismo Celular.<\/p>\n\n\n\n<p class=\"wp-block-paragraph\">Os cientistas acreditam que a descoberta abre novos caminhos para a preven\u00e7\u00e3o da doen\u00e7a, particularmente em pessoas em risco. &#8220;Ainda estamos planejando testar a relev\u00e2ncia dessa mol\u00e9cula em diferentes tipos de pacientes e em diferentes escalas de tempo, mas deve permitir grandes avan\u00e7os no acompanhamento de pessoas em risco&#8221;, concluiu Maechler.<\/p>\n","protected":false},"excerpt":{"rendered":"<p>A doen\u00e7a \u00e9 silenciosa e n\u00e3o tem cura. Por isso, o diagn\u00f3stico \u00e9 muito importante para controlar o diabetes<\/p>","protected":false},"author":3,"featured_media":10693,"comment_status":"open","ping_status":"open","sticky":false,"template":"","format":"standard","meta":{"_crdt_document":"","footnotes":""},"categories":[8],"tags":[],"class_list":["post-10691","post","type-post","status-publish","format-standard","has-post-thumbnail","hentry","category-saude-natural"],"brizy_media":[],"_links":{"self":[{"href":"https:\/\/jornalcorporativo.com.br\/en\/wp-json\/wp\/v2\/posts\/10691","targetHints":{"allow":["GET"]}}],"collection":[{"href":"https:\/\/jornalcorporativo.com.br\/en\/wp-json\/wp\/v2\/posts"}],"about":[{"href":"https:\/\/jornalcorporativo.com.br\/en\/wp-json\/wp\/v2\/types\/post"}],"author":[{"embeddable":true,"href":"https:\/\/jornalcorporativo.com.br\/en\/wp-json\/wp\/v2\/users\/3"}],"replies":[{"embeddable":true,"href":"https:\/\/jornalcorporativo.com.br\/en\/wp-json\/wp\/v2\/comments?post=10691"}],"version-history":[{"count":0,"href":"https:\/\/jornalcorporativo.com.br\/en\/wp-json\/wp\/v2\/posts\/10691\/revisions"}],"wp:featuredmedia":[{"embeddable":true,"href":"https:\/\/jornalcorporativo.com.br\/en\/wp-json\/wp\/v2\/media\/10693"}],"wp:attachment":[{"href":"https:\/\/jornalcorporativo.com.br\/en\/wp-json\/wp\/v2\/media?parent=10691"}],"wp:term":[{"taxonomy":"category","embeddable":true,"href":"https:\/\/jornalcorporativo.com.br\/en\/wp-json\/wp\/v2\/categories?post=10691"},{"taxonomy":"post_tag","embeddable":true,"href":"https:\/\/jornalcorporativo.com.br\/en\/wp-json\/wp\/v2\/tags?post=10691"}],"curies":[{"name":"wp","href":"https:\/\/api.w.org\/{rel}","templated":true}]}}