{"id":10694,"date":"2022-08-18T16:27:39","date_gmt":"2022-08-18T19:27:39","guid":{"rendered":"https:\/\/jornalcorporativo.com.br\/?p=10694"},"modified":"2022-08-18T16:27:41","modified_gmt":"2022-08-18T19:27:41","slug":"incendios-florestais-deixam-ao-menos-38-mortos","status":"publish","type":"post","link":"https:\/\/jornalcorporativo.com.br\/en\/internacional\/incendios-florestais-deixam-ao-menos-38-mortos\/","title":{"rendered":"Inc\u00eandios florestais deixam ao menos 38 mortos"},"content":{"rendered":"<p class=\"wp-block-paragraph\">Inc\u00eandios florestais que atingem diferentes regi\u00f5es da Arg\u00e9lia, no norte da \u00c1frica, j\u00e1 deixaram ao menos 38 mortos.<\/p>\n\n\n\n<p class=\"wp-block-paragraph\">Nesta quinta-feira (18), bombeiros no norte e no leste do pa\u00eds tentam controlar focos ainda ativos, mas, segundo eles, as chamas est\u00e3o crescendo.<\/p>\n\n\n\n<p class=\"wp-block-paragraph\">At\u00e9 agora, 30 pessoas morreram por conta das chamas na regi\u00e3o de El Tarf, perto da Tun\u00edsia. Outros cinco perderam a vida em Souk Ahras, al\u00e9m de duas mulheres em Setif e uma em Guelma, no leste, segundo a Prote\u00e7\u00e3o Civil. Mais de 200 pessoas ficaram feridas, de acordo com a m\u00eddia local.<\/p>\n\n\n\n<p class=\"wp-block-paragraph\">Na estrada para El Kala, perto de El Tarf, uma cidade de 100.000 habitantes, &#8220;um tornado de fogo levou tudo em poucos segundos, a maioria dos mortos foi cercada enquanto visitava um parque de animais&#8221;, disse um jornalista local \u00e0 AFP.<\/p>\n\n\n\n<p class=\"wp-block-paragraph\">Dos 39 inc\u00eandios ativos no dia anterior em 14 &#8216;wilayas&#8217; (munic\u00edpios) do norte do pa\u00eds, alguns ainda estavam ativos nesta quinta-feira e as autoridades temiam que o vento reavivasse as chamas nas \u00e1reas sob controle.<br>A gendarmaria fechou v\u00e1rias estradas nacionais devido \u00e0s chamas e a Prote\u00e7\u00e3o Civil e helic\u00f3pteros do ex\u00e9rcito intervieram em v\u00e1rios locais.<\/p>\n\n\n\n<p class=\"wp-block-paragraph\">A Arg\u00e9lia tamb\u00e9m alugou um hidroavi\u00e3o russo Beriev BE 200 que, depois de ser usado em v\u00e1rios lugares sofreu uma falha e n\u00e3o voltar\u00e1 a funcionar at\u00e9 s\u00e1bado, reconheceu na quarta-feira o ministro do Interior, Kamel Beldjoud.<\/p>\n\n\n\n<p class=\"wp-block-paragraph\">O primeiro-ministro Ayman Benabderrahmane se deslocou nesta quinta-feira de manh\u00e3 para El Tarf, segundo o canal de TV Ennahar.<\/p>\n\n\n\n<p class=\"wp-block-paragraph\">Em Souk Ahras, tamb\u00e9m perto da fronteira com a Tun\u00edsia, um grande inc\u00eandio atingia a regi\u00e3o montanhosa de Djebel Oued Chouk na segunda-feira (16) e levou p\u00e2nico para moradores.<\/p>\n\n\n\n<p class=\"wp-block-paragraph\">Cerca de 97 mulheres e 17 rec\u00e9m-nascidos que estavam em um hospital pr\u00f3ximo a uma regi\u00e3o florestal tiveram que ser retirados \u00e0s pressas. Imagens de televis\u00e3o mostraram os moradores saindo de suas casas em chamas, incluindo m\u00e3es com os filhos nos bra\u00e7os. Nessa regi\u00e3o, 350 fam\u00edlias foram retiradas, segundo a m\u00eddia local.<\/p>","protected":false},"excerpt":{"rendered":"<p>Todo ano, o norte da Arg\u00e9lia \u00e9 afetado por inc\u00eandios florestais, um fen\u00f4meno que se acentua sob o efeito das mudan\u00e7as clim\u00e1ticas<\/p>","protected":false},"author":3,"featured_media":10695,"comment_status":"open","ping_status":"open","sticky":false,"template":"","format":"standard","meta":{"_crdt_document":"","footnotes":""},"categories":[2],"tags":[],"class_list":["post-10694","post","type-post","status-publish","format-standard","has-post-thumbnail","hentry","category-internacional"],"brizy_media":[],"_links":{"self":[{"href":"https:\/\/jornalcorporativo.com.br\/en\/wp-json\/wp\/v2\/posts\/10694","targetHints":{"allow":["GET"]}}],"collection":[{"href":"https:\/\/jornalcorporativo.com.br\/en\/wp-json\/wp\/v2\/posts"}],"about":[{"href":"https:\/\/jornalcorporativo.com.br\/en\/wp-json\/wp\/v2\/types\/post"}],"author":[{"embeddable":true,"href":"https:\/\/jornalcorporativo.com.br\/en\/wp-json\/wp\/v2\/users\/3"}],"replies":[{"embeddable":true,"href":"https:\/\/jornalcorporativo.com.br\/en\/wp-json\/wp\/v2\/comments?post=10694"}],"version-history":[{"count":0,"href":"https:\/\/jornalcorporativo.com.br\/en\/wp-json\/wp\/v2\/posts\/10694\/revisions"}],"wp:featuredmedia":[{"embeddable":true,"href":"https:\/\/jornalcorporativo.com.br\/en\/wp-json\/wp\/v2\/media\/10695"}],"wp:attachment":[{"href":"https:\/\/jornalcorporativo.com.br\/en\/wp-json\/wp\/v2\/media?parent=10694"}],"wp:term":[{"taxonomy":"category","embeddable":true,"href":"https:\/\/jornalcorporativo.com.br\/en\/wp-json\/wp\/v2\/categories?post=10694"},{"taxonomy":"post_tag","embeddable":true,"href":"https:\/\/jornalcorporativo.com.br\/en\/wp-json\/wp\/v2\/tags?post=10694"}],"curies":[{"name":"wp","href":"https:\/\/api.w.org\/{rel}","templated":true}]}}