{"id":10700,"date":"2022-08-18T16:28:26","date_gmt":"2022-08-18T19:28:26","guid":{"rendered":"https:\/\/jornalcorporativo.com.br\/?p=10700"},"modified":"2022-08-18T16:28:30","modified_gmt":"2022-08-18T19:28:30","slug":"ciro-gomes-diz-que-bolsonaro-esta-manipulando-fe-das-pessoas","status":"publish","type":"post","link":"https:\/\/jornalcorporativo.com.br\/en\/politica\/ciro-gomes-diz-que-bolsonaro-esta-manipulando-fe-das-pessoas\/","title":{"rendered":"Ciro Gomes diz que Bolsonaro est\u00e1 &#8216;manipulando&#8217; f\u00e9 das pessoas"},"content":{"rendered":"<p class=\"wp-block-paragraph\">O candidato do PDT \u00e0 Presid\u00eancia da Rep\u00fablica, Ciro Gomes, afirmou nesta quinta-feira (18) que o presidente Jair Bolsonaro (PL), candidato \u00e0 reelei\u00e7\u00e3o, est\u00e1 &#8220;manipulando&#8221; a f\u00e9 das pessoas.<\/p>\n\n\n\n<p class=\"wp-block-paragraph\">Ciro Gomes deu a declara\u00e7\u00e3o em uma entrevista coletiva em S\u00e3o Paulo, pouco antes de participar de sabatina organizada pela Associa\u00e7\u00e3o Comercial de S\u00e3o Paulo.<\/p>\n\n\n\n<p class=\"wp-block-paragraph\">Um colunista informou que a campanha de Bolsonaro tem a chamada &#8220;guerra santa&#8221; como estrat\u00e9gia, tentando atrair os votos de eleitores evang\u00e9licos. E que a primeira-dama, Michelle Bolsonaro, tem atuado em busca de votos.<\/p>\n\n\n\n<p class=\"wp-block-paragraph\">&#8220;Bolsonaro manipulando a f\u00e9 do povo, incitando esse fundamentalismo que acaba descambando para a viol\u00eancia e o genoc\u00eddio&#8221;, declarou Ciro Gomes.<br>&#8220;E o Lula lan\u00e7a dizendo que o Bolsonaro usa Deus e Deus usa o Lula. Neste caso, Bolsonaro j\u00e1 ganhou. O que n\u00f3s temos que dizer \u00e9: a liberdade religiosa \u00e9 um valor que \u00e9 o estado nacional laico, tem que proteger e guardar, porque todas as vezes que os corruptos da pol\u00edtica usaram a religiosidade, a f\u00e9 legitima do nosso povo ou de qualquer na\u00e7\u00e3o, deu naquilo que n\u00f3s conhecemos: regimes fundamentalistas violentos&#8221;, acrescentou o candidato.<\/p>\n\n\n\n<p class=\"wp-block-paragraph\">Em terceiro lugar nas pesquisas eleitorais, Ciro Gomes tem dirigido as cr\u00edticas a Bolsonaro e a Lula.<\/p>\n\n\n\n<p class=\"wp-block-paragraph\">Pesquisa Datafolha divulgada em julho mostrou Lula com 47% das inten\u00e7\u00f5es de voto, Bolsonaro com 29% e Ciro com 8%. Pesquisa Ipec divulgada nesta semana mostrou Lula com 44%, Bolsonaro com 32% e Ciro com 6%.<\/p>\n\n\n\n<p class=\"wp-block-paragraph\">Lula diz que n\u00e3o far\u00e1 &#8216;guerra santa&#8217;<br>Nesta quarta (17), ao conceder entrevista a uma r\u00e1dio de Minas Gerais, o ex-presidente Lula disse que n\u00e3o far\u00e1 &#8220;guerra santa&#8221; durante a campanha eleitoral deste ano.<br>&#8220;Eu n\u00e3o sou candidato de uma fac\u00e7\u00e3o religiosa. Eu sou candidato do povo brasileiro. Quero tratar evang\u00e9lico igual cat\u00f3lico, isl\u00e2mico, judaico. Quero tratar as religi\u00f5es, incluindo as de matriz africana, com o respeito que todas as religi\u00f5es t\u00eam que ser tratadas. N\u00e3o quero fazer uma guerra santa neste pa\u00eds, n\u00e3o quero estabelecer rivalidade entre as religi\u00f5es. A religi\u00e3o \u00e9 para cuidar da nossa f\u00e9, da nossa espiritualidade, n\u00e3o para fazer pol\u00edtica&#8221;, declarou Lula na ocasi\u00e3o.<\/p>","protected":false},"excerpt":{"rendered":"<p>Campanha de Bolsonaro tem &#8216;guerra santa&#8217; como estrat\u00e9gia, tentando atrair votos de eleitores evang\u00e9licos<\/p>","protected":false},"author":3,"featured_media":10701,"comment_status":"open","ping_status":"open","sticky":false,"template":"","format":"standard","meta":{"_crdt_document":"","footnotes":""},"categories":[7],"tags":[],"class_list":["post-10700","post","type-post","status-publish","format-standard","has-post-thumbnail","hentry","category-politica"],"brizy_media":[],"_links":{"self":[{"href":"https:\/\/jornalcorporativo.com.br\/en\/wp-json\/wp\/v2\/posts\/10700","targetHints":{"allow":["GET"]}}],"collection":[{"href":"https:\/\/jornalcorporativo.com.br\/en\/wp-json\/wp\/v2\/posts"}],"about":[{"href":"https:\/\/jornalcorporativo.com.br\/en\/wp-json\/wp\/v2\/types\/post"}],"author":[{"embeddable":true,"href":"https:\/\/jornalcorporativo.com.br\/en\/wp-json\/wp\/v2\/users\/3"}],"replies":[{"embeddable":true,"href":"https:\/\/jornalcorporativo.com.br\/en\/wp-json\/wp\/v2\/comments?post=10700"}],"version-history":[{"count":0,"href":"https:\/\/jornalcorporativo.com.br\/en\/wp-json\/wp\/v2\/posts\/10700\/revisions"}],"wp:featuredmedia":[{"embeddable":true,"href":"https:\/\/jornalcorporativo.com.br\/en\/wp-json\/wp\/v2\/media\/10701"}],"wp:attachment":[{"href":"https:\/\/jornalcorporativo.com.br\/en\/wp-json\/wp\/v2\/media?parent=10700"}],"wp:term":[{"taxonomy":"category","embeddable":true,"href":"https:\/\/jornalcorporativo.com.br\/en\/wp-json\/wp\/v2\/categories?post=10700"},{"taxonomy":"post_tag","embeddable":true,"href":"https:\/\/jornalcorporativo.com.br\/en\/wp-json\/wp\/v2\/tags?post=10700"}],"curies":[{"name":"wp","href":"https:\/\/api.w.org\/{rel}","templated":true}]}}