{"id":11187,"date":"2022-10-06T21:08:41","date_gmt":"2022-10-07T00:08:41","guid":{"rendered":"https:\/\/jornalcorporativo.com.br\/?p=11187"},"modified":"2022-10-06T21:08:44","modified_gmt":"2022-10-07T00:08:44","slug":"ira-divulga-confissao-de-supostos-espioes-franceses","status":"publish","type":"post","link":"https:\/\/jornalcorporativo.com.br\/en\/internacional\/ira-divulga-confissao-de-supostos-espioes-franceses\/","title":{"rendered":"Ir\u00e3 divulga confiss\u00e3o de supostos espi\u00f5es franceses"},"content":{"rendered":"<p class=\"wp-block-paragraph\">O Ir\u00e3 publicou nesta quinta-feira (6) um v\u00eddeo que mostra dois cidad\u00e3os franceses, que foram detidos em maio, supostamente confessando terem agido em nome de um servi\u00e7o de seguran\u00e7a franc\u00eas.<\/p>\n\n\n\n<p class=\"wp-block-paragraph\">As cenas foram publicadas em meio a protestos cont\u00ednuos que rondam o Ir\u00e3 pela morte de Mahsa Amini, uma jovem de 22 anos detida pela pol\u00edcia de moralidade do pa\u00eds. O governo iraniano tem procurado descrever como um compl\u00f4 estrangeiro.<\/p>\n\n\n\n<p class=\"wp-block-paragraph\">O v\u00eddeo divulgado pela ag\u00eancia de not\u00edcias estatal IRNA mostrou dois cidad\u00e3os franceses, Cecile Kohler e Jacques Paris, que s\u00e3o sindicalistas associados \u00e0 Federa\u00e7\u00e3o Nacional de Educa\u00e7\u00e3o, Cultura e Forma\u00e7\u00e3o Profissional da Fran\u00e7a.<\/p>\n\n\n\n<p class=\"wp-block-paragraph\">O Minist\u00e9rio das Rela\u00e7\u00f5es Exteriores da Fran\u00e7a acusou o Ir\u00e3 de adotar pr\u00e1ticas dos &#8220;piores regimes ditatoriais&#8221; e negou categoricamente que os dois sejam espi\u00f5es.<\/p>\n\n\n\n<p class=\"wp-block-paragraph\">&#8220;A encena\u00e7\u00e3o de suas supostas confiss\u00f5es \u00e9 ultrajante, terr\u00edvel, inaceit\u00e1vel e contr\u00e1ria ao direito internacional. Esta farsa revela o desprezo das autoridades iranianas pela dignidade humana&#8221;, disse a porta-voz do minist\u00e9rio, Anne-Claire Legendre, em um comunicado, exigindo a liberta\u00e7\u00e3o imediata dos presos que ela descreveu como &#8220;ref\u00e9ns de Estado&#8221;.<\/p>\n\n\n\n<p class=\"wp-block-paragraph\">O Ir\u00e3, que h\u00e1 muito tempo usa ocidentais detidos como moeda de troca nas negocia\u00e7\u00f5es, n\u00e3o ofereceu nenhuma evid\u00eancia p\u00fablica para apoiar as acusa\u00e7\u00f5es de espionagem.<\/p>\n\n\n\n<p class=\"wp-block-paragraph\">Os clipes de quinta-feira se assemelhavam a outros v\u00eddeos em que o Teer\u00e3 for\u00e7ou prisioneiros a fazer. Em 2020, um relat\u00f3rio sugeriu que as autoridades na \u00faltima d\u00e9cada tinham exibido pelo menos 355 confiss\u00f5es coagidas.<\/p>\n\n\n\n<p class=\"wp-block-paragraph\">Nos clipes, Cecile Kohler usa um len\u00e7o de cabe\u00e7a e supostamente se descreve como uma &#8220;agente de intelig\u00eancia e opera\u00e7\u00e3o do servi\u00e7o de seguran\u00e7a estrangeira franc\u00eas&#8221;. Jacques Paris supostamente diz: &#8220;Nossos objetivos no servi\u00e7o de seguran\u00e7a externa franc\u00eas \u00e9 pressionar o governo do Ir\u00e3.&#8221;<\/p>","protected":false},"excerpt":{"rendered":"<p>V\u00eddeo mostra dois cidad\u00e3os franceses, aparentemente sob coer\u00e7\u00e3o, dizendo que trabalham para um servi\u00e7o de seguran\u00e7a<\/p>","protected":false},"author":3,"featured_media":11188,"comment_status":"open","ping_status":"open","sticky":false,"template":"","format":"standard","meta":{"_crdt_document":"","footnotes":""},"categories":[2],"tags":[],"class_list":["post-11187","post","type-post","status-publish","format-standard","has-post-thumbnail","hentry","category-internacional"],"brizy_media":[],"_links":{"self":[{"href":"https:\/\/jornalcorporativo.com.br\/en\/wp-json\/wp\/v2\/posts\/11187","targetHints":{"allow":["GET"]}}],"collection":[{"href":"https:\/\/jornalcorporativo.com.br\/en\/wp-json\/wp\/v2\/posts"}],"about":[{"href":"https:\/\/jornalcorporativo.com.br\/en\/wp-json\/wp\/v2\/types\/post"}],"author":[{"embeddable":true,"href":"https:\/\/jornalcorporativo.com.br\/en\/wp-json\/wp\/v2\/users\/3"}],"replies":[{"embeddable":true,"href":"https:\/\/jornalcorporativo.com.br\/en\/wp-json\/wp\/v2\/comments?post=11187"}],"version-history":[{"count":0,"href":"https:\/\/jornalcorporativo.com.br\/en\/wp-json\/wp\/v2\/posts\/11187\/revisions"}],"wp:featuredmedia":[{"embeddable":true,"href":"https:\/\/jornalcorporativo.com.br\/en\/wp-json\/wp\/v2\/media\/11188"}],"wp:attachment":[{"href":"https:\/\/jornalcorporativo.com.br\/en\/wp-json\/wp\/v2\/media?parent=11187"}],"wp:term":[{"taxonomy":"category","embeddable":true,"href":"https:\/\/jornalcorporativo.com.br\/en\/wp-json\/wp\/v2\/categories?post=11187"},{"taxonomy":"post_tag","embeddable":true,"href":"https:\/\/jornalcorporativo.com.br\/en\/wp-json\/wp\/v2\/tags?post=11187"}],"curies":[{"name":"wp","href":"https:\/\/api.w.org\/{rel}","templated":true}]}}