{"id":11191,"date":"2022-10-06T21:09:36","date_gmt":"2022-10-07T00:09:36","guid":{"rendered":"https:\/\/jornalcorporativo.com.br\/?p=11191"},"modified":"2022-10-06T21:09:38","modified_gmt":"2022-10-07T00:09:38","slug":"de-volta-a-berco-politico-em-sp-lula-defende-proposta-de-tebet","status":"publish","type":"post","link":"https:\/\/jornalcorporativo.com.br\/en\/politica\/de-volta-a-berco-politico-em-sp-lula-defende-proposta-de-tebet\/","title":{"rendered":"De volta a ber\u00e7o pol\u00edtico em SP, Lula defende proposta de Tebet"},"content":{"rendered":"<p class=\"wp-block-paragraph\">Candidato do PT ao Pal\u00e1cio do Planalto, o ex-presidente Luiz In\u00e1cio Lula da Silva (PT) defendeu propostas de Simone Tebet (MDB) nesta quinta-feira. A sinaliza\u00e7\u00e3o aconteceu um dia depois de a terceira colocada na corrida presidencial ter declarado apoio a ele e condicionado um suporte maior a sua campanha \u00e0 ades\u00e3o de projetos para um eventual novo governo do PT. Lula fez o primeiro ato de campanha na rua no segundo turno da disputa pelo Pal\u00e1cio do Planalto em seu ber\u00e7o pol\u00edtico, S\u00e3o Bernardo do Campo (SP), ao lado do candidato do PT ao governo de SP, Fernando Haddad (PT).<br>\u2014 A mulher continua ganhando menos que o homem no mercado de trabalho. N\u00f3s vamos regulamentar para que a mulher, fazendo o mesmo trabalho, ela ganhe o mesmo sal\u00e1rio que o homem, porque a mulher n\u00e3o pode ser tratada como cidad\u00e3 de segunda classe \u2014 disse Lula nesta quinta a apoiadores.<\/p>\n\n\n\n<p class=\"wp-block-paragraph\">Na quarta, Tebet pediu ao candidato que, caso eleito, sancione lei que iguale sal\u00e1rios entre homens e mulheres, projeto j\u00e1 aprovado no Senado, mas ainda parado na C\u00e2mara dos Deputados. O petista j\u00e1 defendia a igualdade salarial entre homens e mulheres desde o come\u00e7o do ano e, sem citar a emedebista, reafirmou o compromisso no dia seguinte ao apoio dela.<\/p>\n\n\n\n<p class=\"wp-block-paragraph\">Lula no ABC<br>No ato em S\u00e3o Bernardo do Campo (SP), Lula relembrou a greve de 1\u00ba de maio de 1980 quando militares amea\u00e7aram entrar numa igreja no ABC para prender lideran\u00e7as sindicais. O petista realizou nesta quinta uma caminhada no centro da cidade ao lado do seu vice, o ex-governador Geraldo Alckmin (PSB), e de Haddad.<\/p>\n\n\n\n<p class=\"wp-block-paragraph\">\u2014 Essa pra\u00e7a aqui (Pra\u00e7a da Matriz, em S\u00e3o Bernardo do Campo, SP) n\u00e3o \u00e9 uma pra\u00e7a qualquer. Aqui, em 1\u00ba de maio de 1980, os metal\u00fargicos estavam em greve. Aqui quase que acontece uma chacina. A diretoria do sindicato foi toda presa. E essa igreja aqui, o bispo do ABC dava guarida para que os trabalhadores entrarem na sacristia, para que a gente n\u00e3o apanhasse da pol\u00edcia. Pois bem, no dia 1\u00ba de maio, um tal do general Braga resolveu que iria desocupar a pra\u00e7a e queria entrar dentro da sacristia para prender as lideran\u00e7as \u2014 discursou Lula.<\/p>","protected":false},"excerpt":{"rendered":"<p>Ex-presidente e candidato do PT fez primeiro ato de rua em S\u00e3o Bernardo de Campo ao lado de Haddad<\/p>","protected":false},"author":3,"featured_media":11192,"comment_status":"open","ping_status":"open","sticky":false,"template":"","format":"standard","meta":{"_crdt_document":"","footnotes":""},"categories":[7],"tags":[],"class_list":["post-11191","post","type-post","status-publish","format-standard","has-post-thumbnail","hentry","category-politica"],"brizy_media":[],"_links":{"self":[{"href":"https:\/\/jornalcorporativo.com.br\/en\/wp-json\/wp\/v2\/posts\/11191","targetHints":{"allow":["GET"]}}],"collection":[{"href":"https:\/\/jornalcorporativo.com.br\/en\/wp-json\/wp\/v2\/posts"}],"about":[{"href":"https:\/\/jornalcorporativo.com.br\/en\/wp-json\/wp\/v2\/types\/post"}],"author":[{"embeddable":true,"href":"https:\/\/jornalcorporativo.com.br\/en\/wp-json\/wp\/v2\/users\/3"}],"replies":[{"embeddable":true,"href":"https:\/\/jornalcorporativo.com.br\/en\/wp-json\/wp\/v2\/comments?post=11191"}],"version-history":[{"count":0,"href":"https:\/\/jornalcorporativo.com.br\/en\/wp-json\/wp\/v2\/posts\/11191\/revisions"}],"wp:featuredmedia":[{"embeddable":true,"href":"https:\/\/jornalcorporativo.com.br\/en\/wp-json\/wp\/v2\/media\/11192"}],"wp:attachment":[{"href":"https:\/\/jornalcorporativo.com.br\/en\/wp-json\/wp\/v2\/media?parent=11191"}],"wp:term":[{"taxonomy":"category","embeddable":true,"href":"https:\/\/jornalcorporativo.com.br\/en\/wp-json\/wp\/v2\/categories?post=11191"},{"taxonomy":"post_tag","embeddable":true,"href":"https:\/\/jornalcorporativo.com.br\/en\/wp-json\/wp\/v2\/tags?post=11191"}],"curies":[{"name":"wp","href":"https:\/\/api.w.org\/{rel}","templated":true}]}}