{"id":11237,"date":"2022-10-10T15:54:05","date_gmt":"2022-10-10T18:54:05","guid":{"rendered":"https:\/\/jornalcorporativo.com.br\/?p=11237"},"modified":"2022-10-10T15:54:09","modified_gmt":"2022-10-10T18:54:09","slug":"a-lista-de-ate-55-nomes-da-selecao-sera-aberta-e-a-de-26-saiba-o-que-diz-o-regulamento","status":"publish","type":"post","link":"https:\/\/jornalcorporativo.com.br\/en\/esportes\/a-lista-de-ate-55-nomes-da-selecao-sera-aberta-e-a-de-26-saiba-o-que-diz-o-regulamento\/","title":{"rendered":"A lista de at\u00e9 55 nomes da Sele\u00e7\u00e3o ser\u00e1 aberta? E a de 26? Saiba o que diz o regulamento"},"content":{"rendered":"<p class=\"wp-block-paragraph\">A lista de at\u00e9 55 nomes da Sele\u00e7\u00e3o para a Copa do Catar ser\u00e1 fechada. Em s\u00e9rie de reuni\u00f5es para defini\u00e7\u00f5es importantes para a Copa do Mundo, o t\u00e9cnico da sele\u00e7\u00e3o brasileira masculina, Tite, foi demovido da ideia de divulgar os at\u00e9 55 nomes que vai enviar para a Fifa no dia 21 de outubro.<\/p>\n\n\n\n<p class=\"wp-block-paragraph\">Para evitar efeitos de vazamento, como aconteceu em 2018 (quando eram 35 nomes), o treinador defendeu na coletiva de imprensa de convoca\u00e7\u00e3o dos amistosos contra Gana e Tun\u00edsia, de setembro, que gostaria de soltar logo todos os nomes da pr\u00e9-lista e torn\u00e1-la p\u00fablica. Mas isto n\u00e3o vai acontecer.<\/p>\n\n\n\n<p class=\"wp-block-paragraph\">Ali\u00e1s, a pr\u00f3pria Fifa tamb\u00e9m mudou de ideia sobre a divulga\u00e7\u00e3o da lista. O regulamento alterado prev\u00ea que a lista de at\u00e9 55 nomes n\u00e3o seja divulgada. A Fifa s\u00f3 torna p\u00fablica, evidentemente, a lista dos 26 convocados, que precisa ser entregue at\u00e9 o dia 14 de novembro.<\/p>\n\n\n\n<p class=\"wp-block-paragraph\">Em reta final de observa\u00e7\u00f5es, Tite e a comiss\u00e3o v\u00e3o ter outubro intenso. Vai haver vistoria em Turim, depois v\u00e3o \u00e0s finais da Copa do Brasil e, no final do m\u00eas, o t\u00e9cnico e cia embarcam para a Europa, para acompanhar atletas relacionados da lista provis\u00f3ria<\/p>\n\n\n\n<p class=\"wp-block-paragraph\">Na ocasi\u00e3o em que Tite disse que queria divulgar a lista, o coordenador da sele\u00e7\u00e3o principal Juninho Paulista j\u00e1 havia brincado com o treinador e pedido calma sobre a decis\u00e3o de divulgar a lista. A lista final &#8211; dos 26 nomes &#8211; vai sair desses at\u00e9 55 jogadores relacionados e publica\u00e7\u00e3o provocaria debates p\u00fablicos e, claro, midi\u00e1ticos sobre as escolhas de Tite e da comiss\u00e3o. O que a Sele\u00e7\u00e3o quer evitar.<\/p>\n\n\n\n<p class=\"wp-block-paragraph\">O n\u00famero de 55 \u00e9 o limite para a lista, mas n\u00e3o \u00e9 obrigat\u00f3rio o preenchimento total &#8211; por sinal, outra lista, a definitiva para a Copa, tem n\u00famero m\u00ednimo de 23 e m\u00e1ximo de 26. Mas Tite j\u00e1 definiu que vai convocar os 26 nomes.<\/p>\n\n\n\n<p class=\"wp-block-paragraph\">A lista provis\u00f3ria da sele\u00e7\u00e3o brasileira n\u00e3o vai obedecer necessariamente a propor\u00e7\u00e3o de posi\u00e7\u00f5es da lista final de 26 &#8211; o que significa: se vai convocar tr\u00eas goleiros entre os 26 (correspondente a 11% do total), n\u00e3o ser\u00e3o seis goleiros entre os poss\u00edveis 55 (o que seria 11% tamb\u00e9m).<\/p>\n\n\n\n<p class=\"wp-block-paragraph\">O que diz o regulamento?<br>O regulamento do Mundial do Catar da Fifa prev\u00ea que a chamada lista provis\u00f3ria &#8211; a do dia 21 de novembro com at\u00e9 55 nomes &#8211; tenha as informa\u00e7\u00f5es sobre os jogadores:<\/p>\n\n\n\n<p class=\"wp-block-paragraph\">Os 23 a 26 jogadores relacionados devem sair da lista provis\u00f3ria &#8211; aquela com at\u00e9 55 nomes.<\/p>","protected":false},"excerpt":{"rendered":"<p>Tite queria tornar p\u00fablica rela\u00e7\u00e3o que ser\u00e1 enviada dia 21, para evitar vazamentos, mas \u00e9 demovido de ideia<\/p>","protected":false},"author":3,"featured_media":11238,"comment_status":"open","ping_status":"open","sticky":false,"template":"","format":"standard","meta":{"_crdt_document":"","footnotes":""},"categories":[6],"tags":[],"class_list":["post-11237","post","type-post","status-publish","format-standard","has-post-thumbnail","hentry","category-esportes"],"brizy_media":[],"_links":{"self":[{"href":"https:\/\/jornalcorporativo.com.br\/en\/wp-json\/wp\/v2\/posts\/11237","targetHints":{"allow":["GET"]}}],"collection":[{"href":"https:\/\/jornalcorporativo.com.br\/en\/wp-json\/wp\/v2\/posts"}],"about":[{"href":"https:\/\/jornalcorporativo.com.br\/en\/wp-json\/wp\/v2\/types\/post"}],"author":[{"embeddable":true,"href":"https:\/\/jornalcorporativo.com.br\/en\/wp-json\/wp\/v2\/users\/3"}],"replies":[{"embeddable":true,"href":"https:\/\/jornalcorporativo.com.br\/en\/wp-json\/wp\/v2\/comments?post=11237"}],"version-history":[{"count":0,"href":"https:\/\/jornalcorporativo.com.br\/en\/wp-json\/wp\/v2\/posts\/11237\/revisions"}],"wp:featuredmedia":[{"embeddable":true,"href":"https:\/\/jornalcorporativo.com.br\/en\/wp-json\/wp\/v2\/media\/11238"}],"wp:attachment":[{"href":"https:\/\/jornalcorporativo.com.br\/en\/wp-json\/wp\/v2\/media?parent=11237"}],"wp:term":[{"taxonomy":"category","embeddable":true,"href":"https:\/\/jornalcorporativo.com.br\/en\/wp-json\/wp\/v2\/categories?post=11237"},{"taxonomy":"post_tag","embeddable":true,"href":"https:\/\/jornalcorporativo.com.br\/en\/wp-json\/wp\/v2\/tags?post=11237"}],"curies":[{"name":"wp","href":"https:\/\/api.w.org\/{rel}","templated":true}]}}