{"id":11245,"date":"2022-10-10T15:55:05","date_gmt":"2022-10-10T18:55:05","guid":{"rendered":"https:\/\/jornalcorporativo.com.br\/?p=11245"},"modified":"2022-10-10T15:55:08","modified_gmt":"2022-10-10T18:55:08","slug":"kiev-volta-a-ser-alvo-de-ataques-da-russia-e-11-morrem","status":"publish","type":"post","link":"https:\/\/jornalcorporativo.com.br\/en\/internacional\/kiev-volta-a-ser-alvo-de-ataques-da-russia-e-11-morrem\/","title":{"rendered":"Kiev volta a ser alvo de ataques da R\u00fassia, e 11 morrem"},"content":{"rendered":"<p class=\"wp-block-paragraph\">Depois de mais de tr\u00eas meses sem ataques, Kiev voltou a ser fortemente bombardeada pela R\u00fassia nesta segunda-feira (10). Em uma das piores investidas contra a capital ucraniana desde o in\u00edcio da guerra no pa\u00eds, 11civis morreram e 64 ficaram feridos. Moscou atacou ainda outras cidades grandes do pa\u00eds, indicando uma nova fase de escalada da guerra que j\u00e1 dura sete meses e meio.<\/p>\n\n\n\n<p class=\"wp-block-paragraph\">O presidente russo, Vladimir Putin, falou que os m\u00edsseis lan\u00e7ados nesta segunda-feira fazem parte de uma &#8220;forte resposta&#8221; que suas tropas j\u00e1 come\u00e7aram a fazer ao bombardeio, no s\u00e1bado (8), de uma ponte na Crimeia, a pen\u00ednsula ucraniana anexada pela R\u00fassia em 2014. Putin acusou a Ucr\u00e2nia pela autoria da explos\u00e3o e amea\u00e7ou uma onda de novas investidas.<br>J\u00e1 o l\u00edder ucraniano, Volodymyr Zelensky, negou e acusou a R\u00fassia de querer causar p\u00e2nico e caos em seu pa\u00eds.<\/p>\n\n\n\n<p class=\"wp-block-paragraph\">Segundo a a pol\u00edcia de Kiev, 11 pessoas morreram por conta do bombardeio, que atingiu principalmente Shevchenkivskyi, o distrito central de Kiev. Centenas de pessoas passavam no momento pelo local, que vive relativa normalidade desde o in\u00edcio do ano, quando, depois de um di\u00e1logo de paz entre as duas partes, as tropas russas se retiraram da capital ucraniana.<br>Outras cidades importantes do pa\u00eds e que vinham sendo poupadas dos ataques russos havia meses, como Lviv, que fica perto da fronteira com a Pol\u00f4nia, tamb\u00e9m foram atingidas por m\u00edsseis nesta segunda-feira.<\/p>\n\n\n\n<p class=\"wp-block-paragraph\">A ag\u00eancia de not\u00edcias ucraniana Uniam tamb\u00e9m informou que v\u00e1rios m\u00edsseis atingiram Dnipro, um importante centro industrial na regi\u00e3o da capital do pa\u00eds, e as cidades de Zhytomyr, Ternopil e Khmelnytskyi.<\/p>\n\n\n\n<p class=\"wp-block-paragraph\">Imagens gravadas no centro de Kiev mostraram ruas atingidas pelos m\u00edsseis, carros pegando fogo, civis mortos e muita fuma\u00e7a. Segundo o Minist\u00e9rio da Defesa da Ucr\u00e2nia, a R\u00fassia disparou ao menos 83 m\u00edsseis contra Kiev, Lviv e Zaporizhzhia. Kiev diz ter interceptado e abatido 40 deles.<\/p>\n\n\n\n<p class=\"wp-block-paragraph\">Logo ap\u00f3s os bombardeios, civis lotaram a esta\u00e7\u00e3o de metr\u00f4 Vystavkovyi Tsentr, no centro. Pela tarde, as sirenes que anunciam possibilidade de um ataque voltaram a soar na cidade.<\/p>","protected":false},"excerpt":{"rendered":"<p>Pol\u00edcia diz que m\u00edsseis deixaram tamb\u00e9m 64 feridos, em um dos piores bombardeios \u00e0 capital ucraniana desde o in\u00edcio da invas\u00e3o russa<\/p>","protected":false},"author":3,"featured_media":11246,"comment_status":"open","ping_status":"open","sticky":false,"template":"","format":"standard","meta":{"_crdt_document":"","footnotes":""},"categories":[2],"tags":[],"class_list":["post-11245","post","type-post","status-publish","format-standard","has-post-thumbnail","hentry","category-internacional"],"brizy_media":[],"_links":{"self":[{"href":"https:\/\/jornalcorporativo.com.br\/en\/wp-json\/wp\/v2\/posts\/11245","targetHints":{"allow":["GET"]}}],"collection":[{"href":"https:\/\/jornalcorporativo.com.br\/en\/wp-json\/wp\/v2\/posts"}],"about":[{"href":"https:\/\/jornalcorporativo.com.br\/en\/wp-json\/wp\/v2\/types\/post"}],"author":[{"embeddable":true,"href":"https:\/\/jornalcorporativo.com.br\/en\/wp-json\/wp\/v2\/users\/3"}],"replies":[{"embeddable":true,"href":"https:\/\/jornalcorporativo.com.br\/en\/wp-json\/wp\/v2\/comments?post=11245"}],"version-history":[{"count":0,"href":"https:\/\/jornalcorporativo.com.br\/en\/wp-json\/wp\/v2\/posts\/11245\/revisions"}],"wp:featuredmedia":[{"embeddable":true,"href":"https:\/\/jornalcorporativo.com.br\/en\/wp-json\/wp\/v2\/media\/11246"}],"wp:attachment":[{"href":"https:\/\/jornalcorporativo.com.br\/en\/wp-json\/wp\/v2\/media?parent=11245"}],"wp:term":[{"taxonomy":"category","embeddable":true,"href":"https:\/\/jornalcorporativo.com.br\/en\/wp-json\/wp\/v2\/categories?post=11245"},{"taxonomy":"post_tag","embeddable":true,"href":"https:\/\/jornalcorporativo.com.br\/en\/wp-json\/wp\/v2\/tags?post=11245"}],"curies":[{"name":"wp","href":"https:\/\/api.w.org\/{rel}","templated":true}]}}