{"id":11253,"date":"2022-10-10T15:56:12","date_gmt":"2022-10-10T18:56:12","guid":{"rendered":"https:\/\/jornalcorporativo.com.br\/?p=11253"},"modified":"2022-10-10T15:56:15","modified_gmt":"2022-10-10T18:56:15","slug":"vacinacao-baixa-e-mortalidade-materna-em-alta-sao-desafios-na-saude-para-presidente","status":"publish","type":"post","link":"https:\/\/jornalcorporativo.com.br\/en\/brasil\/vacinacao-baixa-e-mortalidade-materna-em-alta-sao-desafios-na-saude-para-presidente\/","title":{"rendered":"Vacina\u00e7\u00e3o baixa e mortalidade materna em alta s\u00e3o desafios na sa\u00fade para presidente"},"content":{"rendered":"<p class=\"wp-block-paragraph\">Independentemente de quem for escolhido no segundo turno pelos brasileiros para subir a rampa do Pal\u00e1cio do Planalto em janeiro de 2023, o pr\u00f3ximo presidente do pa\u00eds encontrar\u00e1, diante da mesa, situa\u00e7\u00f5es preocupantes a lidar no que diz respeito \u00e0 sa\u00fade \u2014 como uma queda dr\u00e1stica na vacina\u00e7\u00e3o de crian\u00e7as, um or\u00e7amento para a \u00e1rea bem mais baixo do recomendado e um minist\u00e9rio remexido por uma grande altern\u00e2ncia no comando nos \u00faltimos quatro anos.<\/p>\n\n\n\n<p class=\"wp-block-paragraph\">De acordo com uma pesquisa do instituto Datafolha divulgada no in\u00edcio de setembro, a sa\u00fade \u00e9 a \u00e1rea mais importante para os brasileiros na hora de definir seu voto para presidente, seguida da educa\u00e7\u00e3o.<\/p>\n\n\n\n<p class=\"wp-block-paragraph\">Por isso, a BBC News Brasil buscou dados e especialistas na \u00e1rea para avaliar quais ser\u00e3o os principais desafios na sa\u00fade a serem enfrentados pelo pr\u00f3ximo presidente em um pa\u00eds onde a maioria da popula\u00e7\u00e3o depende unicamente do Sistema \u00danico de Sa\u00fade (SUS) \u2014 apenas 25,6% da popula\u00e7\u00e3o tem planos de sa\u00fade, segundo dados de julho da Ag\u00eancia Nacional de Sa\u00fade Suplementar (ANS).<\/p>\n\n\n\n<p class=\"wp-block-paragraph\">A queda brusca da cobertura vacinal contra v\u00e1rias doen\u00e7as, alvo de alertas disparados neste ano por institui\u00e7\u00f5es como a Funda\u00e7\u00e3o Oswaldo Cruz (Fiocruz), a Organiza\u00e7\u00e3o Pan-Americana de Sa\u00fade (Opas) e o Fundo das Na\u00e7\u00f5es Unidas para a Inf\u00e2ncia (Unicef), foi um dos problemas mais urgentes apontados pelos entrevistados.<\/p>\n\n\n\n<p class=\"wp-block-paragraph\">Por exemplo, a vacina BCG, que previne contra a tuberculose e tradicionalmente tem alta taxa de vacina\u00e7\u00e3o por ser aplicada no primeiro m\u00eas de vida do beb\u00ea, n\u00e3o tem 100% de cobertura desde 2015. Segundo n\u00fameros do DataSUS, a partir de 2020, a cobertura ficou abaixo de 80%: foi de 75,6% em 2020 e 70,7% em 2021 (entretanto, dados mais recentes, de 2021 e 2022, est\u00e3o mais sujeitos a altera\u00e7\u00f5es, por isso s\u00e3o considerados parciais).<\/p>\n\n\n\n<p class=\"wp-block-paragraph\">A imuniza\u00e7\u00e3o contra a poliomielite teve 100% de cobertura pela \u00faltima vez em 2013. Desde 2016, ficou abaixo dos 90%, chegando a 76,1% em 2020 e a 69,9% em 2021.<\/p>\n\n\n\n<p class=\"wp-block-paragraph\">Com essa queda, a Opas colocou o Brasil como um dos pa\u00edses sob alto risco de volta da poliomielite. A tr\u00edplice viral D1, que previne contra o sarampo, caxumba e rub\u00e9ola, tamb\u00e9m vem registrando constante diminui\u00e7\u00e3o, saindo da total cobertura em 2014 para 79,7% em 2020.<\/p>","protected":false},"excerpt":{"rendered":"<p>Especialistas avaliaram os principais desafios a serem enfrentados pelo pr\u00f3ximo governo<\/p>","protected":false},"author":3,"featured_media":11254,"comment_status":"open","ping_status":"open","sticky":false,"template":"","format":"standard","meta":{"_crdt_document":"","footnotes":""},"categories":[36],"tags":[],"class_list":["post-11253","post","type-post","status-publish","format-standard","has-post-thumbnail","hentry","category-brasil"],"brizy_media":[],"_links":{"self":[{"href":"https:\/\/jornalcorporativo.com.br\/en\/wp-json\/wp\/v2\/posts\/11253","targetHints":{"allow":["GET"]}}],"collection":[{"href":"https:\/\/jornalcorporativo.com.br\/en\/wp-json\/wp\/v2\/posts"}],"about":[{"href":"https:\/\/jornalcorporativo.com.br\/en\/wp-json\/wp\/v2\/types\/post"}],"author":[{"embeddable":true,"href":"https:\/\/jornalcorporativo.com.br\/en\/wp-json\/wp\/v2\/users\/3"}],"replies":[{"embeddable":true,"href":"https:\/\/jornalcorporativo.com.br\/en\/wp-json\/wp\/v2\/comments?post=11253"}],"version-history":[{"count":0,"href":"https:\/\/jornalcorporativo.com.br\/en\/wp-json\/wp\/v2\/posts\/11253\/revisions"}],"wp:featuredmedia":[{"embeddable":true,"href":"https:\/\/jornalcorporativo.com.br\/en\/wp-json\/wp\/v2\/media\/11254"}],"wp:attachment":[{"href":"https:\/\/jornalcorporativo.com.br\/en\/wp-json\/wp\/v2\/media?parent=11253"}],"wp:term":[{"taxonomy":"category","embeddable":true,"href":"https:\/\/jornalcorporativo.com.br\/en\/wp-json\/wp\/v2\/categories?post=11253"},{"taxonomy":"post_tag","embeddable":true,"href":"https:\/\/jornalcorporativo.com.br\/en\/wp-json\/wp\/v2\/tags?post=11253"}],"curies":[{"name":"wp","href":"https:\/\/api.w.org\/{rel}","templated":true}]}}