{"id":12192,"date":"2022-12-01T18:38:52","date_gmt":"2022-12-01T21:38:52","guid":{"rendered":"https:\/\/jornalcorporativo.com.br\/?p=12192"},"modified":"2022-12-01T18:38:55","modified_gmt":"2022-12-01T21:38:55","slug":"ira-ajudou-venezuela-a-ser-1o-pais-com-drones-armados","status":"publish","type":"post","link":"https:\/\/jornalcorporativo.com.br\/en\/internacional\/ira-ajudou-venezuela-a-ser-1o-pais-com-drones-armados\/","title":{"rendered":"Ir\u00e3 ajudou Venezuela a ser 1\u00ba pa\u00eds com drones armados"},"content":{"rendered":"<p class=\"wp-block-paragraph\">Na noite do dia 8 de fevereiro deste ano, os dissidentes das guerrilhas colombianas Farc viveram um inferno, segundo o relato de militares da Col\u00f4mbia.<\/p>\n\n\n\n<p class=\"wp-block-paragraph\">\u00c0s 3h da manh\u00e3, guerrilheiros dissidentes que estavam no Estado venezuelano de Apure, pr\u00f3ximo \u00e0 fronteira com a Col\u00f4mbia, foram bombardeados pelo ar pelas For\u00e7as Armadas da Venezuela.<\/p>\n\n\n\n<p class=\"wp-block-paragraph\">Conforme publicado alguns dias depois pelo jornal El Colombiano, citando fontes de intelig\u00eancia das For\u00e7as Armadas da Col\u00f4mbia, o ataque foi realizado com drones armados.<br>&#8220;Isso seria uma novidade porque, se confirmado, faria da Venezuela o segundo pa\u00eds do hemisf\u00e9rio, depois dos Estados Unidos, a usar armamento real a partir de drones&#8221;, afirma Andrei Serbin Pont, diretor da Coordenadoria Regional de Pesquisas Econ\u00f4micas e Sociais (CRIES), uma rede de centros de pesquisa na Am\u00e9rica Latina e no Caribe.<\/p>\n\n\n\n<p class=\"wp-block-paragraph\">As autoridades venezuelanas nunca confirmaram o uso de drones armados no conflito em fevereiro. Entretanto, alguns meses depois, o governo de Nicol\u00e1s Maduro exibiu, durante um desfile militar, drones com capacidade de ataque.<\/p>\n\n\n\n<p class=\"wp-block-paragraph\">Assim, a Venezuela tornou-se, segundo especialistas, o primeiro pa\u00eds da Am\u00e9rica Latina a ter drones armados.<\/p>\n\n\n\n<p class=\"wp-block-paragraph\">Para saber como o pa\u00eds conseguiu isso, \u00e9 preciso voltar a aten\u00e7\u00e3o para suas rela\u00e7\u00f5es com o Ir\u00e3.<\/p>\n\n\n\n<p class=\"wp-block-paragraph\">Armados e n\u00e3o tripulados<br>Em 5 de julho, durante o desfile militar para comemorar o Dia da Independ\u00eancia, as For\u00e7as Armadas da Venezuela mostraram dois modelos diferentes de drones com capacidade ofensiva.<\/p>\n\n\n\n<p class=\"wp-block-paragraph\">O Antonio Jos\u00e9 de Sucre 100 (ANSU 100) foi apresentado como um meio de &#8220;observa\u00e7\u00e3o, reconhecimento e ataque&#8221;. J\u00e1 o Antonio Jos\u00e9 de Sucre 200 (ANSU 200) foi descrito como uma aeronave de &#8220;velocidade, alto sigilo e capacidade de observa\u00e7\u00e3o, reconhecimento, ataque, ca\u00e7a antidrones e supress\u00e3o da defesa a\u00e9rea inimiga&#8221;.<\/p>\n\n\n\n<p class=\"wp-block-paragraph\">Segundo o narrador do desfile, ambos os dispositivos eram de &#8220;design e fabrica\u00e7\u00e3o venezuelana&#8221;.<\/p>","protected":false},"excerpt":{"rendered":"<p>Governo de Nicol\u00e1s Maduro foi o primeiro pa\u00eds latino-americano a tornar p\u00fablico que det\u00e9m drones com capacidade ofensiva<\/p>","protected":false},"author":3,"featured_media":12193,"comment_status":"open","ping_status":"open","sticky":false,"template":"","format":"standard","meta":{"_crdt_document":"","footnotes":""},"categories":[2],"tags":[],"class_list":["post-12192","post","type-post","status-publish","format-standard","has-post-thumbnail","hentry","category-internacional"],"brizy_media":[],"_links":{"self":[{"href":"https:\/\/jornalcorporativo.com.br\/en\/wp-json\/wp\/v2\/posts\/12192","targetHints":{"allow":["GET"]}}],"collection":[{"href":"https:\/\/jornalcorporativo.com.br\/en\/wp-json\/wp\/v2\/posts"}],"about":[{"href":"https:\/\/jornalcorporativo.com.br\/en\/wp-json\/wp\/v2\/types\/post"}],"author":[{"embeddable":true,"href":"https:\/\/jornalcorporativo.com.br\/en\/wp-json\/wp\/v2\/users\/3"}],"replies":[{"embeddable":true,"href":"https:\/\/jornalcorporativo.com.br\/en\/wp-json\/wp\/v2\/comments?post=12192"}],"version-history":[{"count":0,"href":"https:\/\/jornalcorporativo.com.br\/en\/wp-json\/wp\/v2\/posts\/12192\/revisions"}],"wp:featuredmedia":[{"embeddable":true,"href":"https:\/\/jornalcorporativo.com.br\/en\/wp-json\/wp\/v2\/media\/12193"}],"wp:attachment":[{"href":"https:\/\/jornalcorporativo.com.br\/en\/wp-json\/wp\/v2\/media?parent=12192"}],"wp:term":[{"taxonomy":"category","embeddable":true,"href":"https:\/\/jornalcorporativo.com.br\/en\/wp-json\/wp\/v2\/categories?post=12192"},{"taxonomy":"post_tag","embeddable":true,"href":"https:\/\/jornalcorporativo.com.br\/en\/wp-json\/wp\/v2\/tags?post=12192"}],"curies":[{"name":"wp","href":"https:\/\/api.w.org\/{rel}","templated":true}]}}