{"id":12861,"date":"2023-01-13T14:48:04","date_gmt":"2023-01-13T17:48:04","guid":{"rendered":"https:\/\/jornalcorporativo.com.br\/?p=12861"},"modified":"2023-01-13T14:48:14","modified_gmt":"2023-01-13T17:48:14","slug":"terrorismo-em-brasilia-empresario-preso-diz-a-policia-que-teve-hotel-e-viagem-pagos","status":"publish","type":"post","link":"https:\/\/jornalcorporativo.com.br\/en\/politica\/terrorismo-em-brasilia-empresario-preso-diz-a-policia-que-teve-hotel-e-viagem-pagos\/","title":{"rendered":"Terrorismo em Bras\u00edlia: empres\u00e1rio preso diz \u00e0 pol\u00edcia que teve hotel e viagem pagos"},"content":{"rendered":"<p class=\"wp-block-paragraph\">O empres\u00e1rio de Votuporanga (SP) Kingo Takahashi, um dos bolsonaristas radicais presos pelos ataques terroristas ocorridos na Pra\u00e7a dos Tr\u00eas Poderes, contou em depoimento \u00e0 pol\u00edcia que teve as despesas pagas para participar dos atos antidemocr\u00e1ticos.<\/p>\n\n\n\n<p class=\"wp-block-paragraph\">De acordo com a apura\u00e7\u00e3o do g1, Kingo relatou que parte do grupo que estava no Quartel-General do Ex\u00e9rcito realizou uma vaquinha para custear a viagem e o hotel de quem quisesse ir a Bras\u00edlia (DF).<\/p>\n\n\n\n<p class=\"wp-block-paragraph\">Durante depoimento \u00e0 pol\u00edcia, o bolsonarista radical tamb\u00e9m disse que &#8220;trouxe R$ 150&#8221; para ficar no Distrito Federal, bem como afirmou que n\u00e3o sabia os nomes ou as caracter\u00edsticas dos organizadores do QG.<\/p>\n\n\n\n<p class=\"wp-block-paragraph\">Fotos e v\u00eddeos<br>Em v\u00eddeos publicados nas redes sociais, Kingo aparece perto da rampa do Congresso Nacional, acompanhado de outros terroristas que participaram dos atos antidemocr\u00e1ticos ocorridos no dia 8 de janeiro.<\/p>\n\n\n\n<p class=\"wp-block-paragraph\">&#8220;Vamos derrubar os bandidos. Vamos acabar com esses vagabundos. Isso \u00e9 melhor que show de rock\u201d, disse o empres\u00e1rio durante a grava\u00e7\u00e3o.<\/p>\n\n\n\n<p class=\"wp-block-paragraph\">J\u00e1 em uma fotografia, o empres\u00e1rio est\u00e1 deitado em uma poltrona vermelha, com os p\u00e9s apoiados em um m\u00f3vel.<\/p>\n\n\n\n<p class=\"wp-block-paragraph\">Kingo foi preso em flagrante por \u201ctentar depor, por meio de viol\u00eancia ou grave amea\u00e7a, o governo legitimamente constitu\u00eddo\u201d. Ele foi encaminhado para o Complexo Penitenci\u00e1rio da Papuda.<\/p>\n\n\n\n<p class=\"wp-block-paragraph\">Presos por invas\u00e3o<br>A lista com o nome dos bolsonaristas radicais que depredaram as sedes dos poderes Executivo, Legislativo e Judici\u00e1rio foi divulgada pela Secretaria de Administra\u00e7\u00e3o Penitenci\u00e1ria do Distrito Federal.<\/p>\n\n\n\n<p class=\"wp-block-paragraph\">Durante a invas\u00e3o, os terroristas quebraram vidra\u00e7as e m\u00f3veis, vandalizaram obras de arte e objetos hist\u00f3ricos, entraram gabinetes de autoridades, rasgaram documentos e roubaram armas.<\/p>\n\n\n\n<p class=\"wp-block-paragraph\">O ataque \u00e0s sedes dos Tr\u00eas Poderes e \u00e0 democracia \u00e9 sem precedentes na hist\u00f3ria do Brasil. O preju\u00edzo ao patrim\u00f4nio p\u00fablico est\u00e1 calculado em ao menos R$ 3 milh\u00f5es apenas na C\u00e2mara dos Deputados, que junto com o Senado Federal comp\u00f5e o Congresso Nacional.<\/p>\n\n\n\n<p class=\"wp-block-paragraph\">At\u00e9 o fim da manh\u00e3 de quinta-feira (12), 1,2 mil pessoas haviam sido presas.<\/p>","protected":false},"excerpt":{"rendered":"<p>Morador de Votuporanga (SP), Kingo Takahashi levou apenas R$ 150 para o Distrito Federal, segundo depoimento<\/p>","protected":false},"author":3,"featured_media":12862,"comment_status":"open","ping_status":"open","sticky":false,"template":"","format":"standard","meta":{"_crdt_document":"","footnotes":""},"categories":[7],"tags":[],"class_list":["post-12861","post","type-post","status-publish","format-standard","has-post-thumbnail","hentry","category-politica"],"brizy_media":[],"_links":{"self":[{"href":"https:\/\/jornalcorporativo.com.br\/en\/wp-json\/wp\/v2\/posts\/12861","targetHints":{"allow":["GET"]}}],"collection":[{"href":"https:\/\/jornalcorporativo.com.br\/en\/wp-json\/wp\/v2\/posts"}],"about":[{"href":"https:\/\/jornalcorporativo.com.br\/en\/wp-json\/wp\/v2\/types\/post"}],"author":[{"embeddable":true,"href":"https:\/\/jornalcorporativo.com.br\/en\/wp-json\/wp\/v2\/users\/3"}],"replies":[{"embeddable":true,"href":"https:\/\/jornalcorporativo.com.br\/en\/wp-json\/wp\/v2\/comments?post=12861"}],"version-history":[{"count":0,"href":"https:\/\/jornalcorporativo.com.br\/en\/wp-json\/wp\/v2\/posts\/12861\/revisions"}],"wp:featuredmedia":[{"embeddable":true,"href":"https:\/\/jornalcorporativo.com.br\/en\/wp-json\/wp\/v2\/media\/12862"}],"wp:attachment":[{"href":"https:\/\/jornalcorporativo.com.br\/en\/wp-json\/wp\/v2\/media?parent=12861"}],"wp:term":[{"taxonomy":"category","embeddable":true,"href":"https:\/\/jornalcorporativo.com.br\/en\/wp-json\/wp\/v2\/categories?post=12861"},{"taxonomy":"post_tag","embeddable":true,"href":"https:\/\/jornalcorporativo.com.br\/en\/wp-json\/wp\/v2\/tags?post=12861"}],"curies":[{"name":"wp","href":"https:\/\/api.w.org\/{rel}","templated":true}]}}