{"id":12865,"date":"2023-01-13T16:10:51","date_gmt":"2023-01-13T19:10:51","guid":{"rendered":"https:\/\/jornalcorporativo.com.br\/?p=12865"},"modified":"2023-01-13T16:10:59","modified_gmt":"2023-01-13T19:10:59","slug":"ultimos-anos-foram-de-calor-no-mundo-no-brasil-ondas-de-frio-fizeram-a-temperatura-cair","status":"publish","type":"post","link":"https:\/\/jornalcorporativo.com.br\/en\/brasil\/ultimos-anos-foram-de-calor-no-mundo-no-brasil-ondas-de-frio-fizeram-a-temperatura-cair\/","title":{"rendered":"\u00daltimos anos foram de calor no mundo; no Brasil, ondas de frio fizeram a temperatura cair"},"content":{"rendered":"<p class=\"wp-block-paragraph\">As temperaturas extremas em 2022, principalmente na Europa e na China, contribu\u00edram para que os \u00faltimos oito anos fossem os mais quentes registrados no mundo, de acordo com o Copernicus, servi\u00e7o de monitoramento do clima da Uni\u00e3o Europeia (UE). No geral, a temperatura global no ano passado ficou 1,2 \u00baC acima dos n\u00edveis pr\u00e9-industriais do s\u00e9culo 19.<\/p>\n\n\n\n<p class=\"wp-block-paragraph\">No Brasil, por\u00e9m, o cen\u00e1rio foi diferente em 2022. Ondas de frio at\u00edpicas fizeram a temperatura m\u00e9dia cair na maior parte do pa\u00eds. A exce\u00e7\u00e3o foi na regi\u00e3o da floresta amaz\u00f4nica, que n\u00e3o recebeu essas ondas e apresentou aumento na m\u00e9dia de temperatura.<\/p>\n\n\n\n<p class=\"wp-block-paragraph\">Meteorologistas ouvidos dizem que n\u00e3o houve nenhum fen\u00f4meno meteorol\u00f3gico espec\u00edfico que justificasse esse quadro na Amaz\u00f4nia.<\/p>\n\n\n\n<p class=\"wp-block-paragraph\">O que se tem de dados \u00e9 que, principalmente no segundo semestre de 2022, tivemos meses mais quentes, que coincidiram com o per\u00edodo mais seco, fazendo com que as temperaturas no ano ficassem acima da m\u00e9dia.<br>&#8220;O El Ni\u00f1o e a La Ni\u00f1a est\u00e3o mais associados com a quest\u00e3o de secas e chuvas, respectivamente, mas n\u00e3o explicam a temperatura elevada&#8221;, afirma Bruno Kabke Bainy, meteorologista do Cepagri\/Unicamp.<\/p>\n\n\n\n<p class=\"wp-block-paragraph\">Segundo ele, n\u00e3o se pode descartar a influ\u00eancia do aquecimento global para explicar essas varia\u00e7\u00f5es nas temperaturas do pa\u00eds em geral.<br>&#8220;Embora em 2022 o Brasil tenha tido essas amplas \u00e1reas com temperaturas anuais mais baixas, isso n\u00e3o implica em uma tend\u00eancia ou tampouco contraria as evid\u00eancias de mudan\u00e7as clim\u00e1ticas.&#8221; \u2014 Bruno Kabke Bainy.<\/p>\n\n\n\n<p class=\"wp-block-paragraph\">No caso da Amaz\u00f4nia, os constantes recordes de desmatamento, queimadas e focos de calor s\u00f3 agravam o aquecimento global. J\u00e1 em setembro de 2022, o n\u00famero de queimadas registradas na floresta tinha superado o total de 2021 inteiro, de acordo com o Instituto Nacional de Pesquisas Espaciais (Inpe).<\/p>\n\n\n\n<p class=\"wp-block-paragraph\">No m\u00eas anterior, em 22 de agosto, haviam sido detectados 3,3 mil focos de inc\u00eandio num intervalo de 24 horas, demarcando o pior dia em 15 anos.<\/p>\n\n\n\n<p class=\"wp-block-paragraph\">Tamb\u00e9m no ano passado, o Deter registrou a pior marca da s\u00e9rie hist\u00f3rica anual, com um acumulado de alertas de desmatamento na Amaz\u00f4nia Legal de mais de 10 mil km\u00b2, \u00e1rea equivalente ao tamanho da cidade do Recife.<\/p>","protected":false},"excerpt":{"rendered":"<p>Temperatura global no ano passado ficou 1,2 \u00baC acima dos n\u00edveis. Em parte do Brasil, term\u00f4metros ficaram abaixo da m\u00e9dia<\/p>","protected":false},"author":3,"featured_media":12866,"comment_status":"open","ping_status":"open","sticky":false,"template":"","format":"standard","meta":{"_crdt_document":"","footnotes":""},"categories":[36],"tags":[],"class_list":["post-12865","post","type-post","status-publish","format-standard","has-post-thumbnail","hentry","category-brasil"],"brizy_media":[],"_links":{"self":[{"href":"https:\/\/jornalcorporativo.com.br\/en\/wp-json\/wp\/v2\/posts\/12865","targetHints":{"allow":["GET"]}}],"collection":[{"href":"https:\/\/jornalcorporativo.com.br\/en\/wp-json\/wp\/v2\/posts"}],"about":[{"href":"https:\/\/jornalcorporativo.com.br\/en\/wp-json\/wp\/v2\/types\/post"}],"author":[{"embeddable":true,"href":"https:\/\/jornalcorporativo.com.br\/en\/wp-json\/wp\/v2\/users\/3"}],"replies":[{"embeddable":true,"href":"https:\/\/jornalcorporativo.com.br\/en\/wp-json\/wp\/v2\/comments?post=12865"}],"version-history":[{"count":0,"href":"https:\/\/jornalcorporativo.com.br\/en\/wp-json\/wp\/v2\/posts\/12865\/revisions"}],"wp:featuredmedia":[{"embeddable":true,"href":"https:\/\/jornalcorporativo.com.br\/en\/wp-json\/wp\/v2\/media\/12866"}],"wp:attachment":[{"href":"https:\/\/jornalcorporativo.com.br\/en\/wp-json\/wp\/v2\/media?parent=12865"}],"wp:term":[{"taxonomy":"category","embeddable":true,"href":"https:\/\/jornalcorporativo.com.br\/en\/wp-json\/wp\/v2\/categories?post=12865"},{"taxonomy":"post_tag","embeddable":true,"href":"https:\/\/jornalcorporativo.com.br\/en\/wp-json\/wp\/v2\/tags?post=12865"}],"curies":[{"name":"wp","href":"https:\/\/api.w.org\/{rel}","templated":true}]}}