{"id":12869,"date":"2023-01-13T17:14:56","date_gmt":"2023-01-13T20:14:56","guid":{"rendered":"https:\/\/jornalcorporativo.com.br\/?p=12869"},"modified":"2023-01-13T17:15:06","modified_gmt":"2023-01-13T20:15:06","slug":"abono-salarial-cadunico-seguro-desemprego-veja-o-que-muda-com-o-salario","status":"publish","type":"post","link":"https:\/\/jornalcorporativo.com.br\/en\/economia\/abono-salarial-cadunico-seguro-desemprego-veja-o-que-muda-com-o-salario\/","title":{"rendered":"Abono salarial, Cad\u00danico, seguro-desemprego: veja o que muda com o sal\u00e1rio"},"content":{"rendered":"<p class=\"wp-block-paragraph\">O novo valor do sal\u00e1rio m\u00ednimo, que passou para R$ 1.302 neste m\u00eas, tamb\u00e9m aumenta o valor de benef\u00edcios e servi\u00e7os que usam o piso nacional como refer\u00eancia.<\/p>\n\n\n\n<p class=\"wp-block-paragraph\">O governo havia anunciado que o sal\u00e1rio m\u00ednimo seria de R$ 1.320, mas o valor na proposta de or\u00e7amento para 2023 para custear o reajuste do piso prometido por Lula se mostrou insuficiente para elevar o valor para R$ 1.320. Assim, continua valendo o valor de R$ 1.302 proposto pelo governo anterior em dezembro do ano passado.<\/p>\n\n\n\n<p class=\"wp-block-paragraph\">Abono salarial PIS\/Pasep<br>O abono salarial PIS\/Pasep \u00e9 pago aos trabalhadores do setor p\u00fablico e privado que recebem, em m\u00e9dia, at\u00e9 dois sal\u00e1rios m\u00ednimos mensais com carteira assinada.<br>Com o aumento do sal\u00e1rio m\u00ednimo, o valor do abono salarial passa a variar de R$ 108,50 a R$ 1.302, de acordo com a quantidade de meses trabalhados. S\u00f3 receber\u00e1 o valor m\u00e1ximo quem trabalhou os 12 meses de 2021.<\/p>\n\n\n\n<p class=\"wp-block-paragraph\">T\u00eam direito ao abono salarial cerca de 23,6 milh\u00f5es de trabalhadores com valor total de R$ 24,4 bilh\u00f5es. Os pagamentos come\u00e7am no dia 15 de fevereiro. Os benefici\u00e1rios podem sacar o dinheiro at\u00e9 o dia 28 de dezembro. O calend\u00e1rio de pagamentos de 2023 \u00e9 referente ao ano-base de 2021.<\/p>\n\n\n\n<p class=\"wp-block-paragraph\">Antes, a libera\u00e7\u00e3o dos recursos come\u00e7ava no segundo semestre e se estendia at\u00e9 o primeiro semestre do ano seguinte, mas a partir de 2022 passou a ser no in\u00edcio do ano \u2013 ao longo de 2021, no entanto, os pagamentos n\u00e3o ocorreram.<br>Seguro-desemprego<br>O valor do seguro-desemprego, recebido pelo trabalhador com carteira assinada demitido sem justa causa, depende da m\u00e9dia salarial dos \u00faltimos tr\u00eas meses anteriores \u00e0 demiss\u00e3o. No entanto, o valor da parcela n\u00e3o pode ser inferior ao sal\u00e1rio m\u00ednimo vigente, que passar\u00e1 a ser de R$ 1.302.<br>J\u00e1 o valor m\u00e1ximo das parcelas do seguro-desemprego passou a ser de R$ 2.230,97 para quem ganha a partir de R$ 3.280,93.<\/p>\n\n\n\n<p class=\"wp-block-paragraph\">Cadastro \u00danico<br>O governo federal, os estados e os munic\u00edpios utilizam o Cadastro \u00danico (Cad\u00danico) para identificar potenciais benefici\u00e1rios de programas sociais como Bolsa Fam\u00edlia, Tarifa Social de Energia El\u00e9trica, BPC e vale-g\u00e1s.<\/p>\n\n\n\n<p class=\"wp-block-paragraph\">Com a alta no sal\u00e1rio m\u00ednimo, os valores que permitem a inscri\u00e7\u00e3o no Cad\u00danico tamb\u00e9m subir\u00e3o e ser\u00e3o os seguintes:<br>renda mensal de at\u00e9 meio sal\u00e1rio m\u00ednimo por pessoa (R$ 651);<br>renda mensal familiar total de at\u00e9 tr\u00eas sal\u00e1rios m\u00ednimos (R$ 3.906);<br>renda maior que tr\u00eas sal\u00e1rios m\u00ednimos (R$ 3.906), desde que o cadastramento esteja vinculado \u00e0 inclus\u00e3o em programas sociais nas tr\u00eas esferas do governo.<\/p>\n\n\n\n<p class=\"wp-block-paragraph\">Contribui\u00e7\u00e3o dos MEIs<br>As contribui\u00e7\u00f5es mensais dos microempreendedores individuais (MEIs) tamb\u00e9m ser\u00e3o reajustadas. A partir de fevereiro, o valor referente ao INSS do Documento de Arrecada\u00e7\u00e3o Simplificada do MEI (DAS-MEI) dever\u00e1 ser de R$ 65,10, o que corresponde a 5% do sal\u00e1rio m\u00ednimo.<\/p>","protected":false},"excerpt":{"rendered":"<p>Valor de R$ 1.302 representa R$ 90 a mais que o sal\u00e1rio m\u00ednimo anterior e um aumento de 7,42%<\/p>","protected":false},"author":3,"featured_media":12870,"comment_status":"open","ping_status":"open","sticky":false,"template":"","format":"standard","meta":{"_crdt_document":"","footnotes":""},"categories":[4],"tags":[],"class_list":["post-12869","post","type-post","status-publish","format-standard","has-post-thumbnail","hentry","category-economia"],"brizy_media":[],"_links":{"self":[{"href":"https:\/\/jornalcorporativo.com.br\/en\/wp-json\/wp\/v2\/posts\/12869","targetHints":{"allow":["GET"]}}],"collection":[{"href":"https:\/\/jornalcorporativo.com.br\/en\/wp-json\/wp\/v2\/posts"}],"about":[{"href":"https:\/\/jornalcorporativo.com.br\/en\/wp-json\/wp\/v2\/types\/post"}],"author":[{"embeddable":true,"href":"https:\/\/jornalcorporativo.com.br\/en\/wp-json\/wp\/v2\/users\/3"}],"replies":[{"embeddable":true,"href":"https:\/\/jornalcorporativo.com.br\/en\/wp-json\/wp\/v2\/comments?post=12869"}],"version-history":[{"count":0,"href":"https:\/\/jornalcorporativo.com.br\/en\/wp-json\/wp\/v2\/posts\/12869\/revisions"}],"wp:featuredmedia":[{"embeddable":true,"href":"https:\/\/jornalcorporativo.com.br\/en\/wp-json\/wp\/v2\/media\/12870"}],"wp:attachment":[{"href":"https:\/\/jornalcorporativo.com.br\/en\/wp-json\/wp\/v2\/media?parent=12869"}],"wp:term":[{"taxonomy":"category","embeddable":true,"href":"https:\/\/jornalcorporativo.com.br\/en\/wp-json\/wp\/v2\/categories?post=12869"},{"taxonomy":"post_tag","embeddable":true,"href":"https:\/\/jornalcorporativo.com.br\/en\/wp-json\/wp\/v2\/tags?post=12869"}],"curies":[{"name":"wp","href":"https:\/\/api.w.org\/{rel}","templated":true}]}}