{"id":12873,"date":"2023-01-13T17:16:29","date_gmt":"2023-01-13T20:16:29","guid":{"rendered":"https:\/\/jornalcorporativo.com.br\/?p=12873"},"modified":"2023-01-13T17:16:55","modified_gmt":"2023-01-13T20:16:55","slug":"antigo-mapa-gera-caca-a-tesouro-nazista-na-holanda","status":"publish","type":"post","link":"https:\/\/jornalcorporativo.com.br\/en\/internacional\/antigo-mapa-gera-caca-a-tesouro-nazista-na-holanda\/","title":{"rendered":"Antigo mapa gera ca\u00e7a a tesouro nazista na Holanda"},"content":{"rendered":"<p class=\"wp-block-paragraph\">Um mapa de quase 80 anos que marca o local onde supostamente soldados alem\u00e3es esconderam um tesouro durante a Segunda Guerra Mundial despertou a imagina\u00e7\u00e3o de ca\u00e7adores de tesouro amadores na Holanda.<br>Armados com detectores de metal e p\u00e1s, grupos vagavam pelos campos na zona rural da pequena cidade de Ommeren, no leste do pa\u00eds, depois de o mapa ter sido divulgado pelo Arquivo Nacional Holand\u00eas na ter\u00e7a-feira (04\/01).<\/p>\n\n\n\n<p class=\"wp-block-paragraph\">A institui\u00e7\u00e3o afirmou acreditar que o mapa indique onde soldados nazistas esconderam quatro grandes caixas cheias de diamantes, rubis, ouro, prata e v\u00e1rios tipos de joias que eles haviam saqueado ap\u00f3s a explos\u00e3o em um banco, em agosto de 1944.<br>Em 1946, o soldado alem\u00e3o Helmut Sonder testemunhou que havia encontrado o tesouro \u2013 e que ele e seus companheiros haviam enterrado as caixas na primavera europeia de 1945.<\/p>\n\n\n\n<p class=\"wp-block-paragraph\">O documento mostra que as autoridades holandesas realizaram uma busca pelo suposto tesouro j\u00e1 em 1946, mas n\u00e3o encontraram nada.<br>Outra busca, que contou com a participa\u00e7\u00e3o do pr\u00f3prio Sonder, em 1947, tamb\u00e9m n\u00e3o teve sucesso, assim como outra a\u00e7\u00e3o internacional mais tarde. Historiadores e autoridades duvidam que as joias estejam em Ommeren, especialmente porque ningu\u00e9m relatou a perda de joias em quase 80 anos.<\/p>\n\n\n\n<p class=\"wp-block-paragraph\">O arquivo que continha o mapa foi divulgado pelo Arquivo Nacional depois que expirou o per\u00edodo de 75 anos de sigilo. A pol\u00edcia alertou os ca\u00e7adores de tesouro de que \u00e9 proibido cavar e procurar com detectores de metal, pois eles podem se deparar com minas terrestres alem\u00e3s.<\/p>\n\n\n\n<p class=\"wp-block-paragraph\">&#8220;Arquivo Nacional considera hist\u00f3ria confi\u00e1vel&#8221;<br>&#8220;Embora a exist\u00eancia do tesouro tenha sido confirmada, o instituto empreendeu v\u00e1rias tentativas fracassadas de encontr\u00e1-lo em 1947&#8221;, afirmou Anne-Marieke Samson, porta-voz do Arquivo Nacional, \u00e0 ag\u00eancia de not\u00edcias Reuters.<br>&#8220;N\u00e3o sabemos ao certo se o tesouro existiu. Mas o instituto fez v\u00e1rias verifica\u00e7\u00f5es e considerou a hist\u00f3ria confi\u00e1vel&#8221;, contou Samson. &#8220;Mas eles nunca o encontraram e, se existisse, o tesouro poderia muito bem j\u00e1 ter sido desenterrado.&#8221;<\/p>","protected":false},"excerpt":{"rendered":"<p>Grupos com p\u00e1s e detectores de metal vagam por cidade do interior e buscam caixas de diamantes, rubis, ouro e prata saqueadas<\/p>","protected":false},"author":3,"featured_media":12874,"comment_status":"open","ping_status":"open","sticky":false,"template":"","format":"standard","meta":{"_crdt_document":"","footnotes":""},"categories":[2],"tags":[],"class_list":["post-12873","post","type-post","status-publish","format-standard","has-post-thumbnail","hentry","category-internacional"],"brizy_media":[],"_links":{"self":[{"href":"https:\/\/jornalcorporativo.com.br\/en\/wp-json\/wp\/v2\/posts\/12873","targetHints":{"allow":["GET"]}}],"collection":[{"href":"https:\/\/jornalcorporativo.com.br\/en\/wp-json\/wp\/v2\/posts"}],"about":[{"href":"https:\/\/jornalcorporativo.com.br\/en\/wp-json\/wp\/v2\/types\/post"}],"author":[{"embeddable":true,"href":"https:\/\/jornalcorporativo.com.br\/en\/wp-json\/wp\/v2\/users\/3"}],"replies":[{"embeddable":true,"href":"https:\/\/jornalcorporativo.com.br\/en\/wp-json\/wp\/v2\/comments?post=12873"}],"version-history":[{"count":0,"href":"https:\/\/jornalcorporativo.com.br\/en\/wp-json\/wp\/v2\/posts\/12873\/revisions"}],"wp:featuredmedia":[{"embeddable":true,"href":"https:\/\/jornalcorporativo.com.br\/en\/wp-json\/wp\/v2\/media\/12874"}],"wp:attachment":[{"href":"https:\/\/jornalcorporativo.com.br\/en\/wp-json\/wp\/v2\/media?parent=12873"}],"wp:term":[{"taxonomy":"category","embeddable":true,"href":"https:\/\/jornalcorporativo.com.br\/en\/wp-json\/wp\/v2\/categories?post=12873"},{"taxonomy":"post_tag","embeddable":true,"href":"https:\/\/jornalcorporativo.com.br\/en\/wp-json\/wp\/v2\/tags?post=12873"}],"curies":[{"name":"wp","href":"https:\/\/api.w.org\/{rel}","templated":true}]}}