{"id":13041,"date":"2023-01-25T16:11:43","date_gmt":"2023-01-25T19:11:43","guid":{"rendered":"https:\/\/jornalcorporativo.com.br\/?p=13041"},"modified":"2023-01-25T16:11:48","modified_gmt":"2023-01-25T19:11:48","slug":"ibge-preve-para-abril-divulgacao-dos-resultados-definitivos-do-censo-2022","status":"publish","type":"post","link":"https:\/\/jornalcorporativo.com.br\/en\/economia\/ibge-preve-para-abril-divulgacao-dos-resultados-definitivos-do-censo-2022\/","title":{"rendered":"IBGE prev\u00ea para abril divulga\u00e7\u00e3o dos resultados definitivos do Censo 2022"},"content":{"rendered":"<p class=\"wp-block-paragraph\">Contrariando a previs\u00e3o de t\u00e9rmino em janeiro, o levantamento do Censo 2022 ser\u00e1 mantido ao longo de fevereiro e o Brasil s\u00f3 deve come\u00e7ar a conhecer seus resultados finais em abril. Foi o que informou, nesta quarta-feira (25), o Instituto Brasileiro de Geografia e Estat\u00edstica (IBGE), um dia ap\u00f3s divulgar nota ratificando que realiza &#8220;de forma transparente&#8221; uma das maiores opera\u00e7\u00f5es censit\u00e1rias do planeta.<\/p>\n\n\n\n<p class=\"wp-block-paragraph\">A \u00faltima previs\u00e3o do IBGE era concluir a opera\u00e7\u00e3o censit\u00e1ria em janeiro. O \u00f3rg\u00e3o disse que &#8220;a cobertura completa dos setores censit\u00e1rios tem previs\u00e3o de conclus\u00e3o em janeiro de 2023&#8221;, mas que os trabalhos de apura\u00e7\u00e3o ser\u00e3o mantidos ao longo do m\u00eas seguinte.<\/p>\n\n\n\n<p class=\"wp-block-paragraph\">&#8220;Em fevereiro, permanecer\u00e1 em andamento o processo de revis\u00e3o, controle de qualidade e apura\u00e7\u00e3o do Censo, com tentativas de revers\u00e3o de recusas, revisitas a domic\u00edlios com morador ausente para realiza\u00e7\u00e3o de entrevistas, al\u00e9m de verifica\u00e7\u00e3o de domic\u00edlios vagos, de uso ocasional, poss\u00edveis duplicidades e omiss\u00f5es e prepara\u00e7\u00e3o para divulga\u00e7\u00e3o&#8221;, informou o IBGE.<\/p>\n\n\n\n<p class=\"wp-block-paragraph\">A previs\u00e3o inicial era concluir o recenseamento da popula\u00e7\u00e3o em outubro de 2022. O prazo, no entanto, foi adiado para meados de dezembro do mesmo ano. Todavia, ao divulgar, j\u00e1 em dezembro, o quarto balan\u00e7o do levantamento por\u00e9m, o IBGE estimou que s\u00f3 seria poss\u00edvel concluir o Censo 2022 em janeiro de 2023.<\/p>\n\n\n\n<p class=\"wp-block-paragraph\">Segundo o IBGE, at\u00e9 essa ter\u00e7a-feira (24) haviam sido &#8220;visitados cerca de 89 milh\u00f5es de domic\u00edlios e recenseadas 184 milh\u00f5es de pessoas&#8221;.<\/p>\n\n\n\n<p class=\"wp-block-paragraph\">&#8220;A previs\u00e3o \u00e9 de que o IBGE divulgue os resultados definitivos do Censo referentes \u00e0 popula\u00e7\u00e3o dos munic\u00edpios em abril de 2023&#8221;, enfatizou o Instituto.<\/p>\n\n\n\n<p class=\"wp-block-paragraph\">Censo &#8216;transparente&#8217; x &#8216;trag\u00e9dia completa&#8217;<br>Na v\u00e9spera, o Conselho Diretor do IBGE divulgou uma nota ratificando que o Censo \u00e9 realizado &#8220;de forma transparente, com v\u00e1rios mecanismos de controle, seguindo rigorosamente todas as etapas necess\u00e1rias e imprimindo qualidade em todas as fases da opera\u00e7\u00e3o&#8221;. O comunicado foi uma resposta \u00e0s declara\u00e7\u00f5es dadas por Roberto Olinto, ex-presidente do instituto, ao jornal Folha de S.Paulo, que classificou o Censo 2022 como uma &#8220;trag\u00e9dia absoluta&#8221;.<\/p>","protected":false},"excerpt":{"rendered":"<p>Ap\u00f3s tr\u00eas adiamentos, instituto havia previsto concluir a opera\u00e7\u00e3o censit\u00e1ria em janeiro, mas trabalhos ser\u00e3o mantidos<\/p>","protected":false},"author":3,"featured_media":13043,"comment_status":"open","ping_status":"open","sticky":false,"template":"","format":"standard","meta":{"_crdt_document":"","footnotes":""},"categories":[4],"tags":[],"class_list":["post-13041","post","type-post","status-publish","format-standard","has-post-thumbnail","hentry","category-economia"],"brizy_media":[],"_links":{"self":[{"href":"https:\/\/jornalcorporativo.com.br\/en\/wp-json\/wp\/v2\/posts\/13041","targetHints":{"allow":["GET"]}}],"collection":[{"href":"https:\/\/jornalcorporativo.com.br\/en\/wp-json\/wp\/v2\/posts"}],"about":[{"href":"https:\/\/jornalcorporativo.com.br\/en\/wp-json\/wp\/v2\/types\/post"}],"author":[{"embeddable":true,"href":"https:\/\/jornalcorporativo.com.br\/en\/wp-json\/wp\/v2\/users\/3"}],"replies":[{"embeddable":true,"href":"https:\/\/jornalcorporativo.com.br\/en\/wp-json\/wp\/v2\/comments?post=13041"}],"version-history":[{"count":0,"href":"https:\/\/jornalcorporativo.com.br\/en\/wp-json\/wp\/v2\/posts\/13041\/revisions"}],"wp:featuredmedia":[{"embeddable":true,"href":"https:\/\/jornalcorporativo.com.br\/en\/wp-json\/wp\/v2\/media\/13043"}],"wp:attachment":[{"href":"https:\/\/jornalcorporativo.com.br\/en\/wp-json\/wp\/v2\/media?parent=13041"}],"wp:term":[{"taxonomy":"category","embeddable":true,"href":"https:\/\/jornalcorporativo.com.br\/en\/wp-json\/wp\/v2\/categories?post=13041"},{"taxonomy":"post_tag","embeddable":true,"href":"https:\/\/jornalcorporativo.com.br\/en\/wp-json\/wp\/v2\/tags?post=13041"}],"curies":[{"name":"wp","href":"https:\/\/api.w.org\/{rel}","templated":true}]}}