{"id":13221,"date":"2023-02-02T14:28:41","date_gmt":"2023-02-02T17:28:41","guid":{"rendered":"https:\/\/jornalcorporativo.com.br\/?p=13221"},"modified":"2023-02-02T14:28:47","modified_gmt":"2023-02-02T17:28:47","slug":"putin-anuncia-contra-ataque-ao-envio-de-tanques","status":"publish","type":"post","link":"https:\/\/jornalcorporativo.com.br\/en\/internacional\/putin-anuncia-contra-ataque-ao-envio-de-tanques\/","title":{"rendered":"Putin anuncia contra-ataque ao envio de tanques"},"content":{"rendered":"<p class=\"wp-block-paragraph\">O presidente da R\u00fassia, Vladimir Putin, anunciou nesta quinta-feira (2) uma nova fase de ofensivas na Ucr\u00e2nia, na qual, segundo ele, suas tropas usar\u00e3o &#8220;muito mais do que tanques&#8221;.<\/p>\n\n\n\n<p class=\"wp-block-paragraph\">Putin fez refer\u00eancia aos tanques que pa\u00edses como a Alemanha e os Estados Unidos anunciaram esta semana que enviar\u00e3o \u00e0 Ucr\u00e2nia, e que, para Kiev, podem ser definitivos para conter e expulsar as tropas russas.<\/p>\n\n\n\n<p class=\"wp-block-paragraph\">Ele disse que a R\u00fassia est\u00e1, mais uma vez, enfrentando a Alemanha, em refer\u00eancia \u00e0 Segunda Guerra Mundial &#8211; o discurso foi feito em um evento para marcar o 80\u00ba anivers\u00e1rio da vit\u00f3ria sovi\u00e9tica em Stalingrado, a maior batalha da Segunda Guerra Mundial, na qual a Uni\u00e3o Sovi\u00e9tica enfrentou tropas alem\u00e3s.<\/p>\n\n\n\n<p class=\"wp-block-paragraph\">Em uma fala agressiva, o l\u00edder russo afirmou ainda &#8220;ter certeza&#8221; que seu pa\u00eds vencer\u00e1 a guerra e comparou a luta de suas tropas na Ucr\u00e2nia \u00e0 vit\u00f3ria da Uni\u00e3o Sovi\u00e9tica sobre a Alemanha nazista na Segunda Guerra Mundial.<\/p>\n\n\n\n<p class=\"wp-block-paragraph\">Nele, Putin afirmou tamb\u00e9m n\u00e3o se sentir isolado no Ocidente. &#8220;Tenho muitos amigos, inclusive no continente americano&#8221;, declarou.<\/p>\n\n\n\n<p class=\"wp-block-paragraph\">Um ano da guerra<br>Tamb\u00e9m nesta quinta-feira, o ministro das Rela\u00e7\u00f5es Exteriores da R\u00fassia, Sergei Lavrov, afirmou que seu pa\u00eds tem planos de &#8220;ofuscar&#8221; os eventos para marcar um ano da guerra da Ucr\u00e2nia, que se completar\u00e1 em 24 de fevereiro.<\/p>\n\n\n\n<p class=\"wp-block-paragraph\">Pa\u00edses do Ocidente preparam eventos em cidades como Nova York, Londres e Kiev na data.<\/p>\n\n\n\n<p class=\"wp-block-paragraph\">Sem dar detalhes, Lavrov afirmou que os diplomatas russos nesses pa\u00edses est\u00e3o trabalhando para garantir que os eventos pr\u00f3-Ucr\u00e2nia &#8220;n\u00e3o sejam os \u00fanicos a chamar a aten\u00e7\u00e3o do mundo&#8221;.<\/p>\n\n\n\n<p class=\"wp-block-paragraph\">O que \u00e9 o Leopard 2?<br>O alem\u00e3o Krauss-Maffei Wegmann, fabricante do Leopard 2, o apresenta como \u201co principal tanque de batalha do mundo\u201d que por quase meio s\u00e9culo combinou aspectos de poder de fogo, prote\u00e7\u00e3o, velocidade e manobrabilidade, tornando-o adapt\u00e1vel a muitos tipos de combate e situa\u00e7\u00f5es.<\/p>","protected":false},"excerpt":{"rendered":"<p>Em novo discurso, presidente russo afirma que vai enviar &#8216;mais do que tanques&#8217; \u00e0 Ucr\u00e2nia e afirmou &#8216;ter muitos amigos&#8217; no Ocidente<\/p>","protected":false},"author":3,"featured_media":13222,"comment_status":"open","ping_status":"open","sticky":false,"template":"","format":"standard","meta":{"_crdt_document":"","footnotes":""},"categories":[2],"tags":[],"class_list":["post-13221","post","type-post","status-publish","format-standard","has-post-thumbnail","hentry","category-internacional"],"brizy_media":[],"_links":{"self":[{"href":"https:\/\/jornalcorporativo.com.br\/en\/wp-json\/wp\/v2\/posts\/13221","targetHints":{"allow":["GET"]}}],"collection":[{"href":"https:\/\/jornalcorporativo.com.br\/en\/wp-json\/wp\/v2\/posts"}],"about":[{"href":"https:\/\/jornalcorporativo.com.br\/en\/wp-json\/wp\/v2\/types\/post"}],"author":[{"embeddable":true,"href":"https:\/\/jornalcorporativo.com.br\/en\/wp-json\/wp\/v2\/users\/3"}],"replies":[{"embeddable":true,"href":"https:\/\/jornalcorporativo.com.br\/en\/wp-json\/wp\/v2\/comments?post=13221"}],"version-history":[{"count":0,"href":"https:\/\/jornalcorporativo.com.br\/en\/wp-json\/wp\/v2\/posts\/13221\/revisions"}],"wp:featuredmedia":[{"embeddable":true,"href":"https:\/\/jornalcorporativo.com.br\/en\/wp-json\/wp\/v2\/media\/13222"}],"wp:attachment":[{"href":"https:\/\/jornalcorporativo.com.br\/en\/wp-json\/wp\/v2\/media?parent=13221"}],"wp:term":[{"taxonomy":"category","embeddable":true,"href":"https:\/\/jornalcorporativo.com.br\/en\/wp-json\/wp\/v2\/categories?post=13221"},{"taxonomy":"post_tag","embeddable":true,"href":"https:\/\/jornalcorporativo.com.br\/en\/wp-json\/wp\/v2\/tags?post=13221"}],"curies":[{"name":"wp","href":"https:\/\/api.w.org\/{rel}","templated":true}]}}