{"id":13232,"date":"2023-02-02T14:31:00","date_gmt":"2023-02-02T17:31:00","guid":{"rendered":"https:\/\/jornalcorporativo.com.br\/?p=13232"},"modified":"2023-02-02T14:31:12","modified_gmt":"2023-02-02T17:31:12","slug":"pobreza-social-bate-recorde-e-atinge-646-milhoes-de-brasileiros-durante-pandemia","status":"publish","type":"post","link":"https:\/\/jornalcorporativo.com.br\/en\/economia\/pobreza-social-bate-recorde-e-atinge-646-milhoes-de-brasileiros-durante-pandemia\/","title":{"rendered":"Pobreza social bate recorde e atinge 64,6 milh\u00f5es de brasileiros durante pandemia"},"content":{"rendered":"<p class=\"wp-block-paragraph\">A pobreza social no Brasil bateu recorde durante a pandemia de Covid-19, atingindo 64,6 milh\u00f5es de pessoas em 2021. \u00c9 o que mostra um estudo publicado por pesquisadores da Pontif\u00edcia Universidade Cat\u00f3lica do Rio Grande do Sul (PUC-RS).<\/p>\n\n\n\n<p class=\"wp-block-paragraph\">Entre 2020 e 2021, 11,7 milh\u00f5es de brasileiros entraram em situa\u00e7\u00e3o de pobreza social, elevando a 30,4% o percentual de pessoas nessa condi\u00e7\u00e3o \u2013 a maior taxa da s\u00e9rie hist\u00f3rica, iniciada em 2012.<\/p>\n\n\n\n<p class=\"wp-block-paragraph\">O estudo do Laborat\u00f3rio de desigualdades, pobreza e mercado de trabalho da universidade analisou as dimens\u00f5es absoluta e relativa da pobreza, considerando linhas de medi\u00e7\u00e3o do Banco Mundial. Os dados foram baseados na Pesquisa Nacional por Amostra de Domic\u00edlios (Pnad) Cont\u00ednua, do IBGE.<\/p>\n\n\n\n<p class=\"wp-block-paragraph\">Marcas da desigualdade<br>De acordo com a pesquisa, os grupos mais atingidos pelo aumento da pobreza social foram os negros e moradores das regi\u00f5es Norte e Nordeste.<\/p>\n\n\n\n<p class=\"wp-block-paragraph\">Entre os brancos, a taxa de pobreza social era de 19,4% em 2021, enquanto o percentual entre os pretos, pardos e ind\u00edgenas chegou a 38,9%.<\/p>\n\n\n\n<p class=\"wp-block-paragraph\">No Nordeste do pa\u00eds, a taxa de pessoas abaixo da linha da pobreza era de 36,4%. O Norte era a segunda regi\u00e3o com maior concentra\u00e7\u00e3o de pessoas nessa situa\u00e7\u00e3o, com 33,9% da popula\u00e7\u00e3o. Em seguida, estavam Sudeste (29%), Centro-Oeste (28,4%) e a regi\u00e3o Sul (24%).<\/p>\n\n\n\n<p class=\"wp-block-paragraph\">\u201cO Brasil \u00e9 um pa\u00eds em que as desigualdades s\u00e3o marcadas por disparidades n\u00e3o apenas funcionais ou educacionais, mas tamb\u00e9m regionais e de ra\u00e7a, o que torna o fen\u00f4meno ainda mais complexo para ser enfrentado\u201d, afirma Ely Mattos, coordenador do PUCRS Data Social.<\/p>\n\n\n\n<p class=\"wp-block-paragraph\">O estudo tamb\u00e9m mostrou que o percentual de mulheres em situa\u00e7\u00e3o de pobreza social foi superior ao de homens entre 2012 e 2021, com exce\u00e7\u00e3o de 2018, quando ficou 0,07 pontos percentuais abaixo. Em geral, no entanto, a diferen\u00e7a \u00e9 relativamente pequena.<\/p>\n\n\n\n<p class=\"wp-block-paragraph\">&#8220;Isso acontece porque o c\u00e1lculo das taxas de pobreza \u00e9 feito com base na renda da fam\u00edlia onde os indiv\u00edduos est\u00e3o inseridos. Dessa forma, se a fam\u00edlia \u00e9 considerada pobre de acordo com determinado crit\u00e9rio, todos os seus membros ser\u00e3o assim classificados, independentemente de seu sexo&#8221;, diz o estudo.<br>&#8220;Mesmo assim, a taxa de pobreza tende a ser ligeiramente maior para as mulheres. Em 2021, por exemplo, enquanto 31,2% das mulheres se encontravam em situa\u00e7\u00e3o de pobreza social, entre os homens essa cifra era de 29,6%.&#8221;<\/p>\n\n\n\n<p class=\"wp-block-paragraph\">Entenda o c\u00e1lculo<br>Para o c\u00e1lculo da linha de pobreza, foi considerada a renda domiciliar per capita, incluindo os rendimentos de trabalho formal ou informal, al\u00e9m de fontes como seguro-desemprego, aposentadorias e programas de transfer\u00eancia de renda.<\/p>\n\n\n\n<p class=\"wp-block-paragraph\">\u201cTodos abaixo da linha de extrema pobreza (R$ 182 per capita, a pre\u00e7os de 2021) s\u00e3o automaticamente considerados em situa\u00e7\u00e3o de pobreza social&#8221;, explica o documento.<\/p>","protected":false},"excerpt":{"rendered":"<p>Entre 2020 e 2021, 11,7 milh\u00f5es de pessoas entraram em situa\u00e7\u00e3o de pobreza<\/p>","protected":false},"author":3,"featured_media":13234,"comment_status":"open","ping_status":"open","sticky":false,"template":"","format":"standard","meta":{"_crdt_document":"","footnotes":""},"categories":[4],"tags":[],"class_list":["post-13232","post","type-post","status-publish","format-standard","has-post-thumbnail","hentry","category-economia"],"brizy_media":[],"_links":{"self":[{"href":"https:\/\/jornalcorporativo.com.br\/en\/wp-json\/wp\/v2\/posts\/13232","targetHints":{"allow":["GET"]}}],"collection":[{"href":"https:\/\/jornalcorporativo.com.br\/en\/wp-json\/wp\/v2\/posts"}],"about":[{"href":"https:\/\/jornalcorporativo.com.br\/en\/wp-json\/wp\/v2\/types\/post"}],"author":[{"embeddable":true,"href":"https:\/\/jornalcorporativo.com.br\/en\/wp-json\/wp\/v2\/users\/3"}],"replies":[{"embeddable":true,"href":"https:\/\/jornalcorporativo.com.br\/en\/wp-json\/wp\/v2\/comments?post=13232"}],"version-history":[{"count":0,"href":"https:\/\/jornalcorporativo.com.br\/en\/wp-json\/wp\/v2\/posts\/13232\/revisions"}],"wp:featuredmedia":[{"embeddable":true,"href":"https:\/\/jornalcorporativo.com.br\/en\/wp-json\/wp\/v2\/media\/13234"}],"wp:attachment":[{"href":"https:\/\/jornalcorporativo.com.br\/en\/wp-json\/wp\/v2\/media?parent=13232"}],"wp:term":[{"taxonomy":"category","embeddable":true,"href":"https:\/\/jornalcorporativo.com.br\/en\/wp-json\/wp\/v2\/categories?post=13232"},{"taxonomy":"post_tag","embeddable":true,"href":"https:\/\/jornalcorporativo.com.br\/en\/wp-json\/wp\/v2\/tags?post=13232"}],"curies":[{"name":"wp","href":"https:\/\/api.w.org\/{rel}","templated":true}]}}