{"id":13367,"date":"2023-02-08T18:14:48","date_gmt":"2023-02-08T21:14:48","guid":{"rendered":"https:\/\/jornalcorporativo.com.br\/?p=13367"},"modified":"2023-02-08T18:14:54","modified_gmt":"2023-02-08T21:14:54","slug":"apos-criticas-de-lula-deputados-dizem-nao-haver-ambiente-para-rever-autonomia-do-bc","status":"publish","type":"post","link":"https:\/\/jornalcorporativo.com.br\/en\/politica\/apos-criticas-de-lula-deputados-dizem-nao-haver-ambiente-para-rever-autonomia-do-bc\/","title":{"rendered":"Ap\u00f3s cr\u00edticas de Lula, deputados dizem n\u00e3o haver &#8216;ambiente&#8217; para rever autonomia do BC"},"content":{"rendered":"\n<p class=\"wp-block-paragraph\">As cr\u00edticas do presidente da Rep\u00fablica, Luiz In\u00e1cio Lula da Silva, ao Banco Central t\u00eam gerado embate e questionamentos no Congresso sobre a autonomia da institui\u00e7\u00e3o. Para os parlamentares, n\u00e3o h\u00e1 &#8220;ambiente&#8221; para mudar as regras que regem o \u00f3rg\u00e3o.<\/p>\n\n\n\n<p class=\"wp-block-paragraph\">A independ\u00eancia do BC foi estabelecida, por meio de lei, em 2021. A norma foi aprovada pelo Congresso e sancionada pelo ent\u00e3o presidente Jair Bolsonaro. O texto estabelece o mandato de quatro anos para o presidente do BC e tem como objetivo blindar o \u00f3rg\u00e3o de press\u00f5es pol\u00edtico-partid\u00e1rias.<\/p>\n\n\n\n<p class=\"wp-block-paragraph\">Nos \u00faltimos dias, Lula tem criticado a atua\u00e7\u00e3o do BC, principalmente, em rela\u00e7\u00e3o \u00e0 fixa\u00e7\u00e3o e manuten\u00e7\u00e3o da taxa de juros em 13,75%, pelo Comit\u00ea de Pol\u00edtica Monet\u00e1ria (Copom). O presidente tamb\u00e9m chegou a dizer que a independ\u00eancia do Banco Central \u00e9 &#8220;bobagem&#8221;.<br>Na cerim\u00f4nia de posse de Aloizio Mercadante nesta segunda-feira (6), Lula atacou o Comit\u00ea de Pol\u00edtica Monet\u00e1ria (Copom) do Banco Central, que decide a respeito da taxa de juros. Na ocasi\u00e3o, ele disse que o Brasil tem &#8220;cultura&#8221; de juros altos, e que o patamar de juros e o comunicado do BC eram uma &#8220;vergonha&#8221;<\/p>\n\n\n\n<p class=\"wp-block-paragraph\">O atual presidente do BC \u00e9 Roberto Campos Neto, indicado ao cargo por Bolsonaro.<\/p>\n\n\n\n<p class=\"wp-block-paragraph\">&#8216;Retrocesso&#8217;<br>Andr\u00e9 Fufuca (PP-MA), l\u00edder do PP na C\u00e2mara, a quarta maior bancada da Casa, disse que o partido n\u00e3o vai endossar uma eventual revis\u00e3o da autonomia do BC. \u201cO PP n\u00e3o apoiar\u00e1 esse retrocesso\u201d, afirmou.<br>O l\u00edder do MDB, Isnaldo Bulh\u00f5es (MDB-AL), disse que as declara\u00e7\u00f5es de Lula n\u00e3o causam preocupa\u00e7\u00e3o. Mas ponderou: &#8220;Acho que hoje n\u00e3o h\u00e1 ambiente parar rever [a autonomia]&#8221;.<\/p>\n\n\n\n<p class=\"wp-block-paragraph\">J\u00e1 o l\u00edder do PDT, Andr\u00e9 Figueiredo (PDT-CE), afirmou que uma eventual mudan\u00e7a precisa ser debatida pelos congressistas.<br>&#8220;Uma discuss\u00e3o sobre essa quest\u00e3o \u00e9 imprescind\u00edvel para termos uma pol\u00edtica econ\u00f4mica e monet\u00e1ria em conson\u00e2ncia com a pol\u00edtica de retomada do crescimento do nosso pa\u00eds. A partir dessa discuss\u00e3o podemos evoluir para v\u00e1rios caminhos, inclusive a revis\u00e3o da autonomia&#8221;, afirmou o pedetista.<\/p>\n\n\n\n<p class=\"wp-block-paragraph\">Segundo o colunista Valdo Cruz, a ala petista do governo apoia o presidente, mas o restante da base aliada \u00e9 contra \u2013 assim como parlamentares do Republicanos e do PP, partidos com grandes bancadas na C\u00e2mara.<\/p>\n","protected":false},"excerpt":{"rendered":"<p>Presidente Lula tem atacado autonomia do \u00f3rg\u00e3o e criticado taxa b\u00e1sica de juros, atualmente em 13,75%<\/p>","protected":false},"author":3,"featured_media":13368,"comment_status":"open","ping_status":"open","sticky":false,"template":"","format":"standard","meta":{"_crdt_document":"","footnotes":""},"categories":[7],"tags":[],"class_list":["post-13367","post","type-post","status-publish","format-standard","has-post-thumbnail","hentry","category-politica"],"brizy_media":[],"_links":{"self":[{"href":"https:\/\/jornalcorporativo.com.br\/en\/wp-json\/wp\/v2\/posts\/13367","targetHints":{"allow":["GET"]}}],"collection":[{"href":"https:\/\/jornalcorporativo.com.br\/en\/wp-json\/wp\/v2\/posts"}],"about":[{"href":"https:\/\/jornalcorporativo.com.br\/en\/wp-json\/wp\/v2\/types\/post"}],"author":[{"embeddable":true,"href":"https:\/\/jornalcorporativo.com.br\/en\/wp-json\/wp\/v2\/users\/3"}],"replies":[{"embeddable":true,"href":"https:\/\/jornalcorporativo.com.br\/en\/wp-json\/wp\/v2\/comments?post=13367"}],"version-history":[{"count":0,"href":"https:\/\/jornalcorporativo.com.br\/en\/wp-json\/wp\/v2\/posts\/13367\/revisions"}],"wp:featuredmedia":[{"embeddable":true,"href":"https:\/\/jornalcorporativo.com.br\/en\/wp-json\/wp\/v2\/media\/13368"}],"wp:attachment":[{"href":"https:\/\/jornalcorporativo.com.br\/en\/wp-json\/wp\/v2\/media?parent=13367"}],"wp:term":[{"taxonomy":"category","embeddable":true,"href":"https:\/\/jornalcorporativo.com.br\/en\/wp-json\/wp\/v2\/categories?post=13367"},{"taxonomy":"post_tag","embeddable":true,"href":"https:\/\/jornalcorporativo.com.br\/en\/wp-json\/wp\/v2\/tags?post=13367"}],"curies":[{"name":"wp","href":"https:\/\/api.w.org\/{rel}","templated":true}]}}